{"id":10898,"date":"2026-03-09T20:44:50","date_gmt":"2026-03-09T19:44:50","guid":{"rendered":"https:\/\/puycapel.fr\/?p=10898"},"modified":"2026-03-09T21:41:11","modified_gmt":"2026-03-09T20:41:11","slug":"le-compostage-a-puycapel-visite-des-sites-de-compostage","status":"publish","type":"post","link":"https:\/\/puycapel.fr\/index.php\/2026\/03\/09\/le-compostage-a-puycapel-visite-des-sites-de-compostage\/","title":{"rendered":"Visite des sites de compostage"},"content":{"rendered":"\n<p>Avec la participation de la Communaut\u00e9 des Communes de la Ch\u00e2taigneraie Cantalienne et l\u2019Association Serfouette, l\u2019entretien des composteurs a \u00e9t\u00e9 r\u00e9alis\u00e9&nbsp;:<\/p>\n\n\n\n<p>Des bacs ont \u00e9t\u00e9 rajout\u00e9s, de la mati\u00e8re s\u00e8che avec des ustensiles pour la verser est \u00e0 disposition, une griffe est fix\u00e9e dans chaque bac \u00e0 compost et des panneaux \u00ab\u00a0mode d\u2019emploi\u00a0\u00bb ont \u00e9t\u00e9 appos\u00e9s sur les couvercles des bacs.<\/p>\n\n\n\n<p>Un grand merci aux contributeurs\u00a0composteurs  !  les apports de d\u00e9chets de cuisine sont importants et nous constatons de moins en moins d\u00e9chets non compostables. Bravo \u00e0 tous et parlez-en autour de vous pour motiver vos voisins !<\/p>\n\n\n\n<h2 class=\"wp-block-heading\">Pour rappel&nbsp;:<\/h2>\n\n\n\n<ul class=\"wp-block-list\">\n<li>Les sacs en plastique biod\u00e9gradable ne doivent pas \u00eatre mis avec les d\u00e9chets compostables<\/li>\n\n\n\n<li>Les d\u00e9chets de jardin sont \u00e0 d\u00e9poser dans la benne \u00e0 l\u2019Estanquiol.<\/li>\n\n\n\n<li>Nous vous demandons de bien vouloir recouvrir vos apports de mati\u00e8re s\u00e8che mise \u00e0 disposition dans un bac attenant et de griffer \u00e0 l\u2019aide de l\u2019outil fix\u00e9 au bac, le compost.<\/li>\n<\/ul>\n\n\n\n<p>Sur le site du lotissement du Puech, le premier compost pr\u00eat \u00e0 l&#8217;emploi est mis \u00e0 disposition des habitants, c&rsquo;est parfait pour les semis de printemps !<\/p>\n\n\n\n<figure class=\"wp-block-gallery has-nested-images columns-default is-cropped wp-block-gallery-2 is-layout-flex wp-block-gallery-is-layout-flex\">\n<figure class=\"wp-block-image size-large\"><img data-recalc-dims=\"1\" loading=\"lazy\" decoding=\"async\" width=\"480\" height=\"640\" data-attachment-id=\"10899\" data-permalink=\"https:\/\/puycapel.fr\/index.php\/2026\/03\/09\/le-compostage-a-puycapel-visite-des-sites-de-compostage\/bac-matiere-seche\/\" data-orig-file=\"https:\/\/i0.wp.com\/puycapel.fr\/wp-content\/uploads\/2026\/03\/bac-matiere-seche-.jpg?fit=480%2C640&amp;ssl=1\" data-orig-size=\"480,640\" data-comments-opened=\"0\" data-image-meta=\"{&quot;aperture&quot;:&quot;0&quot;,&quot;credit&quot;:&quot;&quot;,&quot;camera&quot;:&quot;&quot;,&quot;caption&quot;:&quot;&quot;,&quot;created_timestamp&quot;:&quot;0&quot;,&quot;copyright&quot;:&quot;&quot;,&quot;focal_length&quot;:&quot;0&quot;,&quot;iso&quot;:&quot;0&quot;,&quot;shutter_speed&quot;:&quot;0&quot;,&quot;title&quot;:&quot;&quot;,&quot;orientation&quot;:&quot;0&quot;}\" data-image-title=\"bac mati\u00e9re s\u00e8che\" data-image-description=\"\" data-image-caption=\"\" data-large-file=\"https:\/\/i0.wp.com\/puycapel.fr\/wp-content\/uploads\/2026\/03\/bac-matiere-seche-.jpg?fit=480%2C640&amp;ssl=1\" data-id=\"10899\" src=\"https:\/\/i0.wp.com\/puycapel.fr\/wp-content\/uploads\/2026\/03\/bac-matiere-seche-.jpg?resize=480%2C640&#038;ssl=1\" alt=\"\" class=\"wp-image-10899\" srcset=\"https:\/\/i0.wp.com\/puycapel.fr\/wp-content\/uploads\/2026\/03\/bac-matiere-seche-.jpg?w=480&amp;ssl=1 480w, https:\/\/i0.wp.com\/puycapel.fr\/wp-content\/uploads\/2026\/03\/bac-matiere-seche-.jpg?resize=225%2C300&amp;ssl=1 225w\" sizes=\"auto, (max-width: 480px) 100vw, 480px\" \/><\/figure>\n\n\n\n<figure class=\"wp-block-image size-large\"><img data-recalc-dims=\"1\" loading=\"lazy\" decoding=\"async\" width=\"480\" height=\"640\" data-attachment-id=\"10900\" data-permalink=\"https:\/\/puycapel.fr\/index.php\/2026\/03\/09\/le-compostage-a-puycapel-visite-des-sites-de-compostage\/composteurs-salle-assoc\/\" data-orig-file=\"https:\/\/i0.wp.com\/puycapel.fr\/wp-content\/uploads\/2026\/03\/composteurs-salle-assoc.jpg?fit=480%2C640&amp;ssl=1\" data-orig-size=\"480,640\" data-comments-opened=\"0\" data-image-meta=\"{&quot;aperture&quot;:&quot;0&quot;,&quot;credit&quot;:&quot;&quot;,&quot;camera&quot;:&quot;&quot;,&quot;caption&quot;:&quot;&quot;,&quot;created_timestamp&quot;:&quot;0&quot;,&quot;copyright&quot;:&quot;&quot;,&quot;focal_length&quot;:&quot;0&quot;,&quot;iso&quot;:&quot;0&quot;,&quot;shutter_speed&quot;:&quot;0&quot;,&quot;title&quot;:&quot;&quot;,&quot;orientation&quot;:&quot;0&quot;}\" data-image-title=\"composteurs salle assoc\" data-image-description=\"\" data-image-caption=\"\" data-large-file=\"https:\/\/i0.wp.com\/puycapel.fr\/wp-content\/uploads\/2026\/03\/composteurs-salle-assoc.jpg?fit=480%2C640&amp;ssl=1\" data-id=\"10900\" src=\"https:\/\/i0.wp.com\/puycapel.fr\/wp-content\/uploads\/2026\/03\/composteurs-salle-assoc.jpg?resize=480%2C640&#038;ssl=1\" alt=\"\" class=\"wp-image-10900\" srcset=\"https:\/\/i0.wp.com\/puycapel.fr\/wp-content\/uploads\/2026\/03\/composteurs-salle-assoc.jpg?w=480&amp;ssl=1 480w, https:\/\/i0.wp.com\/puycapel.fr\/wp-content\/uploads\/2026\/03\/composteurs-salle-assoc.jpg?resize=225%2C300&amp;ssl=1 225w\" sizes=\"auto, (max-width: 480px) 100vw, 480px\" \/><\/figure>\n<\/figure>\n\n\n\n<figure class=\"wp-block-image size-large\"><img data-recalc-dims=\"1\" loading=\"lazy\" decoding=\"async\" width=\"1024\" height=\"633\" data-attachment-id=\"10901\" data-permalink=\"https:\/\/puycapel.fr\/index.php\/2026\/03\/09\/le-compostage-a-puycapel-visite-des-sites-de-compostage\/image-68\/\" data-orig-file=\"https:\/\/i0.wp.com\/puycapel.fr\/wp-content\/uploads\/2026\/03\/image.png?fit=1316%2C814&amp;ssl=1\" data-orig-size=\"1316,814\" data-comments-opened=\"0\" data-image-meta=\"{&quot;aperture&quot;:&quot;0&quot;,&quot;credit&quot;:&quot;&quot;,&quot;camera&quot;:&quot;&quot;,&quot;caption&quot;:&quot;&quot;,&quot;created_timestamp&quot;:&quot;0&quot;,&quot;copyright&quot;:&quot;&quot;,&quot;focal_length&quot;:&quot;0&quot;,&quot;iso&quot;:&quot;0&quot;,&quot;shutter_speed&quot;:&quot;0&quot;,&quot;title&quot;:&quot;&quot;,&quot;orientation&quot;:&quot;0&quot;}\" data-image-title=\"image\" data-image-description=\"\" data-image-caption=\"\" data-large-file=\"https:\/\/i0.wp.com\/puycapel.fr\/wp-content\/uploads\/2026\/03\/image.png?fit=1024%2C633&amp;ssl=1\" src=\"https:\/\/i0.wp.com\/puycapel.fr\/wp-content\/uploads\/2026\/03\/image.png?resize=1024%2C633&#038;ssl=1\" alt=\"\" class=\"wp-image-10901\" srcset=\"https:\/\/i0.wp.com\/puycapel.fr\/wp-content\/uploads\/2026\/03\/image.png?resize=1024%2C633&amp;ssl=1 1024w, https:\/\/i0.wp.com\/puycapel.fr\/wp-content\/uploads\/2026\/03\/image.png?resize=300%2C186&amp;ssl=1 300w, https:\/\/i0.wp.com\/puycapel.fr\/wp-content\/uploads\/2026\/03\/image.png?resize=768%2C475&amp;ssl=1 768w, https:\/\/i0.wp.com\/puycapel.fr\/wp-content\/uploads\/2026\/03\/image.png?w=1316&amp;ssl=1 1316w\" sizes=\"auto, (max-width: 1000px) 100vw, 1000px\" \/><\/figure>\n\n\n\n<p><a href=\"https:\/\/puycapel.fr\/index.php\/fiche-outil-compostage\/\">retrouver les fiches outil sur le compostage en suivant ce lien<\/a><\/p>\n\n\n\n<p><\/p>\n","protected":false},"excerpt":{"rendered":"<p>Avec la participation de la Communaut\u00e9 des Communes de la Ch\u00e2taigneraie Cantalienne et l\u2019Association Serfouette, l\u2019entretien des composteurs a \u00e9t\u00e9 r\u00e9alis\u00e9&nbsp;: Des bacs ont \u00e9t\u00e9 rajout\u00e9s, de la mati\u00e8re s\u00e8che avec des ustensiles pour la verser est \u00e0 disposition, une griffe est fix\u00e9e dans chaque bac \u00e0 compost et des panneaux \u00ab\u00a0mode d\u2019emploi\u00a0\u00bb ont \u00e9t\u00e9 [&hellip;]<\/p>\n","protected":false},"author":3,"featured_media":0,"comment_status":"closed","ping_status":"closed","sticky":false,"template":"","format":"standard","meta":{"_exactmetrics_skip_tracking":false,"_exactmetrics_sitenote_active":false,"_exactmetrics_sitenote_note":"","_exactmetrics_sitenote_category":0,"jetpack_post_was_ever_published":false,"_jetpack_newsletter_access":"","_jetpack_dont_email_post_to_subs":false,"_jetpack_newsletter_tier_id":0,"_jetpack_memberships_contains_paywalled_content":false,"_jetpack_memberships_contains_paid_content":false,"footnotes":""},"categories":[28],"tags":[],"class_list":["post-10898","post","type-post","status-publish","format-standard","hentry","category-actuellement"],"jetpack_featured_media_url":"","jetpack_sharing_enabled":true,"jetpack_shortlink":"https:\/\/wp.me\/paADkW-2PM","jetpack-related-posts":[{"id":6544,"url":"https:\/\/puycapel.fr\/index.php\/2022\/03\/27\/tous-au-compost-2022\/","url_meta":{"origin":10898,"position":0},"title":"TOUS AU COMPOST 2022","author":"Antoine Puech","date":"27 mars 2022","format":false,"excerpt":"\u00ab Prenons soin des sols pour qu\u2019ils continuent \u00e0 alimenter la vie ! \u00bbVous souhaitez agir concr\u00e8tement pour votre environnement et r\u00e9duire votreproduction de d\u00e9chets ! Vous consid\u00e9rez vos biod\u00e9chets (d\u00e9chets de pr\u00e9paration desrepas, restes de repas et d\u00e9chets d\u2019entretien des espaces verts) comme desressources en devenir, indispensables \u00e0 la\u2026","rel":"","context":"Dans &quot;Actualit\u00e9s&quot;","block_context":{"text":"Actualit\u00e9s","link":"https:\/\/puycapel.fr\/index.php\/category\/actuellement\/"},"img":{"alt_text":"","src":"https:\/\/i0.wp.com\/puycapel.fr\/wp-content\/uploads\/2022\/03\/image-4.png?resize=350%2C200&ssl=1","width":350,"height":200},"classes":[]},{"id":3804,"url":"https:\/\/puycapel.fr\/index.php\/2021\/04\/09\/atelier-fabrication-dun-composteur\/","url_meta":{"origin":10898,"position":1},"title":"Atelier fabrication d&rsquo;un composteur","author":"Antoine Puech","date":"9 avril 2021","format":false,"excerpt":"Un atelier autour du compostage\u00a0aura lieu le samedi 10 avril \u00e0 14h30 salle des associations \u00e0 Calvinet dans le cadre de l\u2019op\u00e9ration nationale \u201cTous au compost ! \u201c, soutenue notamment par le C.P.I.E. Une d\u00e9monstration pour fabriquer\u00a0soi-m\u00eame son composteur sera propos\u00e9e. Animation dans le strict respect des gestes barri\u00e8re","rel":"","context":"Dans &quot;Actualit\u00e9s&quot;","block_context":{"text":"Actualit\u00e9s","link":"https:\/\/puycapel.fr\/index.php\/category\/actuellement\/"},"img":{"alt_text":"","src":"https:\/\/i0.wp.com\/puycapel.fr\/wp-content\/uploads\/2021\/04\/image.png?resize=350%2C200&ssl=1","width":350,"height":200,"srcset":"https:\/\/i0.wp.com\/puycapel.fr\/wp-content\/uploads\/2021\/04\/image.png?resize=350%2C200&ssl=1 1x, https:\/\/i0.wp.com\/puycapel.fr\/wp-content\/uploads\/2021\/04\/image.png?resize=525%2C300&ssl=1 1.5x, https:\/\/i0.wp.com\/puycapel.fr\/wp-content\/uploads\/2021\/04\/image.png?resize=700%2C400&ssl=1 2x"},"classes":[]},{"id":3792,"url":"https:\/\/puycapel.fr\/index.php\/2021\/04\/07\/serfouette-toujours-en-action\/","url_meta":{"origin":10898,"position":2},"title":"Serfouette toujours en action","author":"Mairie Puycapel","date":"7 avril 2021","format":false,"excerpt":"Serfouette poursuit son action \"z\u00e9ro d\u00e9chet\" en offrant des poules \u00e0 celles et ceux qui s'engagent \u00e0 r\u00e9duire leurs d\u00e9chets. La communaut\u00e9 de communes qui devait nous fournir des composteurs est en rupture de stock. Nous nous renseignons pour essayer de trouver une solution de remplacement.. Un atelier autour du\u2026","rel":"","context":"Dans &quot;Actualit\u00e9s&quot;","block_context":{"text":"Actualit\u00e9s","link":"https:\/\/puycapel.fr\/index.php\/category\/actuellement\/"},"img":{"alt_text":"","src":"","width":0,"height":0},"classes":[]},{"id":2610,"url":"https:\/\/puycapel.fr\/index.php\/2020\/06\/18\/2610\/","url_meta":{"origin":10898,"position":3},"title":"Association \u00ab Serfouette et compagnie \u00bb : Ensemble, r\u00e9duisons nos d\u00e9chets !","author":"Mairie Puycapel","date":"18 juin 2020","format":false,"excerpt":"L\u2019association est engag\u00e9e sur un projet de r\u00e9duction des d\u00e9chets \u00e0 une \u00e9chelle locale, les actions ont pris un peu de retard avec le confinement mais nous sommes actuellement pr\u00eats \u00e0 reprendre nos activit\u00e9s\u00a0! En effet, le traitement des d\u00e9chets g\u00e9n\u00e8re des pollutions ainsi qu\u2019un co\u00fbt important pour l\u2019ensemble de\u2026","rel":"","context":"Dans &quot;Actualit\u00e9s&quot;","block_context":{"text":"Actualit\u00e9s","link":"https:\/\/puycapel.fr\/index.php\/category\/actuellement\/"},"img":{"alt_text":"","src":"https:\/\/i0.wp.com\/puycapel.fr\/wp-content\/uploads\/2020\/06\/poule-1.jpg?resize=350%2C200&ssl=1","width":350,"height":200},"classes":[]},{"id":10135,"url":"https:\/\/puycapel.fr\/index.php\/2025\/05\/27\/communaute-de-communes-distribution-de-composteurs\/","url_meta":{"origin":10898,"position":4},"title":"Communaut\u00e9 de Communes : distribution de composteurs","author":"Mairie Puycapel","date":"27 mai 2025","format":false,"excerpt":"La communaut\u00e9 de Communes poursuit la distribution de composteurs sans facturation suppl\u00e9mentaire sur son territoire. Pour cela, les agents du service de pr\u00e9vention et de r\u00e9duction des d\u00e9chets proposent des ateliers d\u2019initiation \u00e0 la pratique du compostage, \u00e0 la suite desquels seront remis des composteurs. Vous trouverez ci-dessous l\u2019affiche du\u2026","rel":"","context":"Dans &quot;Actualit\u00e9s&quot;","block_context":{"text":"Actualit\u00e9s","link":"https:\/\/puycapel.fr\/index.php\/category\/actuellement\/"},"img":{"alt_text":"","src":"https:\/\/i0.wp.com\/puycapel.fr\/wp-content\/uploads\/2025\/05\/CCCC-15_affiche_compostage_communes_LACAPELLE_page-0001.jpg?resize=350%2C200&ssl=1","width":350,"height":200,"srcset":"https:\/\/i0.wp.com\/puycapel.fr\/wp-content\/uploads\/2025\/05\/CCCC-15_affiche_compostage_communes_LACAPELLE_page-0001.jpg?resize=350%2C200&ssl=1 1x, https:\/\/i0.wp.com\/puycapel.fr\/wp-content\/uploads\/2025\/05\/CCCC-15_affiche_compostage_communes_LACAPELLE_page-0001.jpg?resize=525%2C300&ssl=1 1.5x, https:\/\/i0.wp.com\/puycapel.fr\/wp-content\/uploads\/2025\/05\/CCCC-15_affiche_compostage_communes_LACAPELLE_page-0001.jpg?resize=700%2C400&ssl=1 2x, https:\/\/i0.wp.com\/puycapel.fr\/wp-content\/uploads\/2025\/05\/CCCC-15_affiche_compostage_communes_LACAPELLE_page-0001.jpg?resize=1050%2C600&ssl=1 3x, https:\/\/i0.wp.com\/puycapel.fr\/wp-content\/uploads\/2025\/05\/CCCC-15_affiche_compostage_communes_LACAPELLE_page-0001.jpg?resize=1400%2C800&ssl=1 4x"},"classes":[]},{"id":2764,"url":"https:\/\/puycapel.fr\/index.php\/2020\/08\/07\/les-conditions-dacces-aux-dechetteries-de-la-communaute-de-commune\/","url_meta":{"origin":10898,"position":5},"title":"Les conditions d\u2019acc\u00e8s aux d\u00e9chetteries de la communaut\u00e9 de commune","author":"Antoine Puech","date":"7 ao\u00fbt 2020","format":false,"excerpt":"Les conditions d\u2019acc\u00e8s \u00e0 la d\u00e9chetterie de Lafeuillade mises en place sont : 1\/ se munir d\u2019une copie de la facture de la REOM (Redevance d\u2019Enl\u00e8vement des Ordures M\u00e9nag\u00e8res) 2019 ;2\/ se prot\u00e9ger le nez et la bouche par un masque ;3\/ avoir pr\u00e9-tri\u00e9 ses d\u00e9chets pour limiter le temps\u2026","rel":"","context":"Dans &quot;Actualit\u00e9s&quot;","block_context":{"text":"Actualit\u00e9s","link":"https:\/\/puycapel.fr\/index.php\/category\/actuellement\/"},"img":{"alt_text":"","src":"","width":0,"height":0},"classes":[]}],"_links":{"self":[{"href":"https:\/\/puycapel.fr\/index.php\/wp-json\/wp\/v2\/posts\/10898","targetHints":{"allow":["GET"]}}],"collection":[{"href":"https:\/\/puycapel.fr\/index.php\/wp-json\/wp\/v2\/posts"}],"about":[{"href":"https:\/\/puycapel.fr\/index.php\/wp-json\/wp\/v2\/types\/post"}],"author":[{"embeddable":true,"href":"https:\/\/puycapel.fr\/index.php\/wp-json\/wp\/v2\/users\/3"}],"replies":[{"embeddable":true,"href":"https:\/\/puycapel.fr\/index.php\/wp-json\/wp\/v2\/comments?post=10898"}],"version-history":[{"count":3,"href":"https:\/\/puycapel.fr\/index.php\/wp-json\/wp\/v2\/posts\/10898\/revisions"}],"predecessor-version":[{"id":10920,"href":"https:\/\/puycapel.fr\/index.php\/wp-json\/wp\/v2\/posts\/10898\/revisions\/10920"}],"wp:attachment":[{"href":"https:\/\/puycapel.fr\/index.php\/wp-json\/wp\/v2\/media?parent=10898"}],"wp:term":[{"taxonomy":"category","embeddable":true,"href":"https:\/\/puycapel.fr\/index.php\/wp-json\/wp\/v2\/categories?post=10898"},{"taxonomy":"post_tag","embeddable":true,"href":"https:\/\/puycapel.fr\/index.php\/wp-json\/wp\/v2\/tags?post=10898"}],"curies":[{"name":"wp","href":"https:\/\/api.w.org\/{rel}","templated":true}]}}