{"id":11147,"date":"2026-04-29T14:47:34","date_gmt":"2026-04-29T12:47:34","guid":{"rendered":"https:\/\/puycapel.fr\/?p=11147"},"modified":"2026-04-29T14:47:35","modified_gmt":"2026-04-29T12:47:35","slug":"course-cycliste-jeudi-14-mai-calvinet","status":"publish","type":"post","link":"https:\/\/puycapel.fr\/index.php\/2026\/04\/29\/course-cycliste-jeudi-14-mai-calvinet\/","title":{"rendered":"Course cycliste jeudi 14 mai &#8211; Calvinet"},"content":{"rendered":"\n<p>Organis\u00e9 par le VELO CLUB MAURSOIS \u00e0 Calvinet<\/p>\n\n\n\n<p class=\"has-text-align-center\"><strong>&#8212;VIGILANCE CIRCULATION&#8212;<\/strong><\/p>\n\n\n\n<figure class=\"wp-block-image size-full\"><img data-recalc-dims=\"1\" loading=\"lazy\" decoding=\"async\" width=\"707\" height=\"1000\" data-attachment-id=\"11181\" data-permalink=\"https:\/\/puycapel.fr\/index.php\/2026\/04\/29\/course-cycliste-jeudi-14-mai-calvinet\/championnat-cantal-2\/\" data-orig-file=\"https:\/\/i0.wp.com\/puycapel.fr\/wp-content\/uploads\/2026\/04\/CHAMPIONNAT-CANTAL-1.jpg?fit=707%2C1000&amp;ssl=1\" data-orig-size=\"707,1000\" data-comments-opened=\"0\" data-image-meta=\"{&quot;aperture&quot;:&quot;0&quot;,&quot;credit&quot;:&quot;&quot;,&quot;camera&quot;:&quot;&quot;,&quot;caption&quot;:&quot;&quot;,&quot;created_timestamp&quot;:&quot;0&quot;,&quot;copyright&quot;:&quot;&quot;,&quot;focal_length&quot;:&quot;0&quot;,&quot;iso&quot;:&quot;0&quot;,&quot;shutter_speed&quot;:&quot;0&quot;,&quot;title&quot;:&quot;&quot;,&quot;orientation&quot;:&quot;0&quot;}\" data-image-title=\"CHAMPIONNAT CANTAL\" data-image-description=\"\" data-image-caption=\"\" data-large-file=\"https:\/\/i0.wp.com\/puycapel.fr\/wp-content\/uploads\/2026\/04\/CHAMPIONNAT-CANTAL-1.jpg?fit=707%2C1000&amp;ssl=1\" src=\"https:\/\/i0.wp.com\/puycapel.fr\/wp-content\/uploads\/2026\/04\/CHAMPIONNAT-CANTAL-1.jpg?resize=707%2C1000&#038;ssl=1\" alt=\"\" class=\"wp-image-11181\" srcset=\"https:\/\/i0.wp.com\/puycapel.fr\/wp-content\/uploads\/2026\/04\/CHAMPIONNAT-CANTAL-1.jpg?w=707&amp;ssl=1 707w, https:\/\/i0.wp.com\/puycapel.fr\/wp-content\/uploads\/2026\/04\/CHAMPIONNAT-CANTAL-1.jpg?resize=212%2C300&amp;ssl=1 212w\" sizes=\"auto, (max-width: 707px) 100vw, 707px\" \/><\/figure>\n","protected":false},"excerpt":{"rendered":"<p>Organis\u00e9 par le VELO CLUB MAURSOIS \u00e0 Calvinet &#8212;VIGILANCE CIRCULATION&#8212;<\/p>\n","protected":false},"author":2,"featured_media":0,"comment_status":"closed","ping_status":"closed","sticky":false,"template":"","format":"standard","meta":{"_exactmetrics_skip_tracking":false,"_exactmetrics_sitenote_active":false,"_exactmetrics_sitenote_note":"","_exactmetrics_sitenote_category":0,"jetpack_post_was_ever_published":false,"_jetpack_newsletter_access":"","_jetpack_dont_email_post_to_subs":false,"_jetpack_newsletter_tier_id":0,"_jetpack_memberships_contains_paywalled_content":false,"_jetpack_memberships_contains_paid_content":false,"footnotes":""},"categories":[28],"tags":[],"class_list":["post-11147","post","type-post","status-publish","format-standard","hentry","category-actuellement"],"jetpack_featured_media_url":"","jetpack_sharing_enabled":true,"jetpack_shortlink":"https:\/\/wp.me\/paADkW-2TN","jetpack-related-posts":[{"id":927,"url":"https:\/\/puycapel.fr\/index.php\/2019\/05\/05\/commemoration-du-8-mai-1945\/","url_meta":{"origin":11147,"position":0},"title":"COMMEMORATION DU 8 MAI 1945","author":"Antoine Puech","date":"5 mai 2019","format":false,"excerpt":"COMMEMORATION DU 8 MAI 1945 mercredi 8 mai 2019 \u00e0 11h00 au Monument aux Morts de CALVINET","rel":"","context":"Dans &quot;Commune&quot;","block_context":{"text":"Commune","link":"https:\/\/puycapel.fr\/index.php\/category\/commune\/"},"img":{"alt_text":"","src":"https:\/\/i0.wp.com\/puycapel.fr\/wp-content\/uploads\/2019\/05\/8MAI.jpg?resize=350%2C200&ssl=1","width":350,"height":200},"classes":[]},{"id":4044,"url":"https:\/\/puycapel.fr\/index.php\/2021\/05\/13\/initiation-a-la-securite-routiere\/","url_meta":{"origin":11147,"position":1},"title":"Initiation \u00e0 la s\u00e9curit\u00e9 routi\u00e8re","author":"Mairie Puycapel","date":"13 mai 2021","format":false,"excerpt":"Jeudi 6 mai, les \u00e9l\u00e8ves de CP-CE1 ont b\u00e9n\u00e9fici\u00e9 d\u2019une initiation \u00e0 la s\u00e9curit\u00e9 routi\u00e8re par la Gendarmerie. Apr\u00e8s un apport th\u00e9orique en classe pour comprendre comment rouler en s\u00e9curit\u00e9 en v\u00e9lo et quelles sont les diff\u00e9rentes cat\u00e9gories de panneaux, les \u00e9l\u00e8ves se sont rendus \u00e0 la gendarmerie de Calvinet.\u2026","rel":"","context":"Dans &quot;Actualit\u00e9s&quot;","block_context":{"text":"Actualit\u00e9s","link":"https:\/\/puycapel.fr\/index.php\/category\/actuellement\/"},"img":{"alt_text":"","src":"https:\/\/i0.wp.com\/puycapel.fr\/wp-content\/uploads\/2021\/05\/photo-rognee-scaled.jpg?resize=350%2C200&ssl=1","width":350,"height":200,"srcset":"https:\/\/i0.wp.com\/puycapel.fr\/wp-content\/uploads\/2021\/05\/photo-rognee-scaled.jpg?resize=350%2C200&ssl=1 1x, https:\/\/i0.wp.com\/puycapel.fr\/wp-content\/uploads\/2021\/05\/photo-rognee-scaled.jpg?resize=525%2C300&ssl=1 1.5x, https:\/\/i0.wp.com\/puycapel.fr\/wp-content\/uploads\/2021\/05\/photo-rognee-scaled.jpg?resize=700%2C400&ssl=1 2x, https:\/\/i0.wp.com\/puycapel.fr\/wp-content\/uploads\/2021\/05\/photo-rognee-scaled.jpg?resize=1050%2C600&ssl=1 3x, https:\/\/i0.wp.com\/puycapel.fr\/wp-content\/uploads\/2021\/05\/photo-rognee-scaled.jpg?resize=1400%2C800&ssl=1 4x"},"classes":[]},{"id":8041,"url":"https:\/\/puycapel.fr\/index.php\/2023\/05\/09\/serfouette-troc-de-plants-graines-boutures-dimanche-14-mai-2023\/","url_meta":{"origin":11147,"position":2},"title":"Serfouette : troc de plants, graines, boutures : Dimanche 14 Mai 2023","author":"Antoine Puech","date":"9 mai 2023","format":false,"excerpt":"Calvinet-Puycapel Dimanche 14 MAI 2023L\u2019association Serfouette organise son troc de plants, graines, boutures\u2026Rendez-vous au local de Serfouette, devant l\u2019\u00e9cole de Calvinet, de 10 h \u00e0 12 hLe principe est simple : chacun est invit\u00e9 \u00e0 amener plants, boutures, graines, boutures\u2026pour les \u00e9changer.Si vous n\u2019avez rien \u00e0 \u00e9changer, venez quand m\u00eame\u2026","rel":"","context":"Dans &quot;Actualit\u00e9s&quot;","block_context":{"text":"Actualit\u00e9s","link":"https:\/\/puycapel.fr\/index.php\/category\/actuellement\/"},"img":{"alt_text":"","src":"https:\/\/i0.wp.com\/puycapel.fr\/wp-content\/uploads\/2023\/05\/image.png?resize=350%2C200&ssl=1","width":350,"height":200},"classes":[]},{"id":8024,"url":"https:\/\/puycapel.fr\/index.php\/2023\/05\/05\/quine-calvinet-patrimoine-dimanche-14-mai\/","url_meta":{"origin":11147,"position":3},"title":"QUINE Calvinet Patrimoine &#8211; dimanche 14 mai","author":"Mairie Puycapel","date":"5 mai 2023","format":false,"excerpt":"affiche-quine-2023-20230428_0028T\u00e9l\u00e9charger","rel":"","context":"Dans &quot;Actualit\u00e9s&quot;","block_context":{"text":"Actualit\u00e9s","link":"https:\/\/puycapel.fr\/index.php\/category\/actuellement\/"},"img":{"alt_text":"","src":"","width":0,"height":0},"classes":[]},{"id":1019,"url":"https:\/\/puycapel.fr\/index.php\/2019\/05\/20\/menu-cantine-de-calvinet-du-20-au-24-mai\/","url_meta":{"origin":11147,"position":4},"title":"Menu cantine de Calvinet du 20 au 24 mai","author":"Perrine","date":"20 mai 2019","format":false,"excerpt":"Lundi: Saucisson brioch\u00e9\/Oeufs \u00e0 la poele, raviolis\/? Mardi: Salade verte\/Blanquette, carottes\/Mousse au chocolat Jeudi: Mac\u00e9doine\/Cuisse de poulet,flageolets\/Pain perdu Vendredi: Salade compos\u00e9e\/Cr\u00eapes au jambon\/Fromage blanc","rel":"","context":"Dans &quot;Ecole&quot;","block_context":{"text":"Ecole","link":"https:\/\/puycapel.fr\/index.php\/category\/commune\/ecole\/"},"img":{"alt_text":"","src":"https:\/\/i0.wp.com\/puycapel.fr\/wp-content\/uploads\/2019\/04\/menu-semaine.jpg?fit=554%2C312&ssl=1&resize=350%2C200","width":350,"height":200,"srcset":"https:\/\/i0.wp.com\/puycapel.fr\/wp-content\/uploads\/2019\/04\/menu-semaine.jpg?fit=554%2C312&ssl=1&resize=350%2C200 1x, https:\/\/i0.wp.com\/puycapel.fr\/wp-content\/uploads\/2019\/04\/menu-semaine.jpg?fit=554%2C312&ssl=1&resize=525%2C300 1.5x"},"classes":[]},{"id":9069,"url":"https:\/\/puycapel.fr\/index.php\/2024\/05\/28\/tennis-club-de-la-chataigneraie-reprise-du-minitennis-a-partir-du-4-mai\/","url_meta":{"origin":11147,"position":5},"title":"Tennis club de la ch\u00e2taigneraie : reprise du minitennis = 4 Mai 10h30","author":"Antoine Puech","date":"28 mai 2024","format":false,"excerpt":"Reprise du minitennis \u00e0 partir du 4 Mai 10h30 au terrain de tennis de Calvinet ! ouvert aux enfants de 5 \u00e0 17 ans","rel":"","context":"Dans &quot;Actualit\u00e9s&quot;","block_context":{"text":"Actualit\u00e9s","link":"https:\/\/puycapel.fr\/index.php\/category\/actuellement\/"},"img":{"alt_text":"","src":"https:\/\/i0.wp.com\/puycapel.fr\/wp-content\/uploads\/2024\/04\/image.png?resize=350%2C200&ssl=1","width":350,"height":200,"srcset":"https:\/\/i0.wp.com\/puycapel.fr\/wp-content\/uploads\/2024\/04\/image.png?resize=350%2C200&ssl=1 1x, https:\/\/i0.wp.com\/puycapel.fr\/wp-content\/uploads\/2024\/04\/image.png?resize=525%2C300&ssl=1 1.5x"},"classes":[]}],"_links":{"self":[{"href":"https:\/\/puycapel.fr\/index.php\/wp-json\/wp\/v2\/posts\/11147","targetHints":{"allow":["GET"]}}],"collection":[{"href":"https:\/\/puycapel.fr\/index.php\/wp-json\/wp\/v2\/posts"}],"about":[{"href":"https:\/\/puycapel.fr\/index.php\/wp-json\/wp\/v2\/types\/post"}],"author":[{"embeddable":true,"href":"https:\/\/puycapel.fr\/index.php\/wp-json\/wp\/v2\/users\/2"}],"replies":[{"embeddable":true,"href":"https:\/\/puycapel.fr\/index.php\/wp-json\/wp\/v2\/comments?post=11147"}],"version-history":[{"count":1,"href":"https:\/\/puycapel.fr\/index.php\/wp-json\/wp\/v2\/posts\/11147\/revisions"}],"predecessor-version":[{"id":11182,"href":"https:\/\/puycapel.fr\/index.php\/wp-json\/wp\/v2\/posts\/11147\/revisions\/11182"}],"wp:attachment":[{"href":"https:\/\/puycapel.fr\/index.php\/wp-json\/wp\/v2\/media?parent=11147"}],"wp:term":[{"taxonomy":"category","embeddable":true,"href":"https:\/\/puycapel.fr\/index.php\/wp-json\/wp\/v2\/categories?post=11147"},{"taxonomy":"post_tag","embeddable":true,"href":"https:\/\/puycapel.fr\/index.php\/wp-json\/wp\/v2\/tags?post=11147"}],"curies":[{"name":"wp","href":"https:\/\/api.w.org\/{rel}","templated":true}]}}