{"id":11158,"date":"2026-04-27T10:43:25","date_gmt":"2026-04-27T08:43:25","guid":{"rendered":"https:\/\/puycapel.fr\/?p=11158"},"modified":"2026-04-27T10:43:34","modified_gmt":"2026-04-27T08:43:34","slug":"commemoration-08-mai","status":"publish","type":"post","link":"https:\/\/puycapel.fr\/index.php\/2026\/04\/27\/commemoration-08-mai\/","title":{"rendered":"Comm\u00e9moration 08 mai 1945"},"content":{"rendered":"\n<figure class=\"wp-block-image size-large is-resized\"><img data-recalc-dims=\"1\" loading=\"lazy\" decoding=\"async\" width=\"724\" height=\"1024\" data-attachment-id=\"11159\" data-permalink=\"https:\/\/puycapel.fr\/index.php\/2026\/04\/27\/commemoration-08-mai\/8-mai-enfants-2\/\" data-orig-file=\"https:\/\/i0.wp.com\/puycapel.fr\/wp-content\/uploads\/2026\/04\/8-mai-enfants-1.jpg?fit=1414%2C2000&amp;ssl=1\" data-orig-size=\"1414,2000\" data-comments-opened=\"0\" data-image-meta=\"{&quot;aperture&quot;:&quot;0&quot;,&quot;credit&quot;:&quot;&quot;,&quot;camera&quot;:&quot;&quot;,&quot;caption&quot;:&quot;&quot;,&quot;created_timestamp&quot;:&quot;0&quot;,&quot;copyright&quot;:&quot;&quot;,&quot;focal_length&quot;:&quot;0&quot;,&quot;iso&quot;:&quot;0&quot;,&quot;shutter_speed&quot;:&quot;0&quot;,&quot;title&quot;:&quot;&quot;,&quot;orientation&quot;:&quot;1&quot;}\" data-image-title=\"8 mai enfants\" data-image-description=\"\" data-image-caption=\"\" data-large-file=\"https:\/\/i0.wp.com\/puycapel.fr\/wp-content\/uploads\/2026\/04\/8-mai-enfants-1.jpg?fit=724%2C1024&amp;ssl=1\" src=\"https:\/\/i0.wp.com\/puycapel.fr\/wp-content\/uploads\/2026\/04\/8-mai-enfants-1.jpg?resize=724%2C1024&#038;ssl=1\" alt=\"\" class=\"wp-image-11159\" style=\"aspect-ratio:0.707037568285165;width:654px;height:auto\" srcset=\"https:\/\/i0.wp.com\/puycapel.fr\/wp-content\/uploads\/2026\/04\/8-mai-enfants-1.jpg?resize=724%2C1024&amp;ssl=1 724w, https:\/\/i0.wp.com\/puycapel.fr\/wp-content\/uploads\/2026\/04\/8-mai-enfants-1.jpg?resize=212%2C300&amp;ssl=1 212w, https:\/\/i0.wp.com\/puycapel.fr\/wp-content\/uploads\/2026\/04\/8-mai-enfants-1.jpg?resize=768%2C1086&amp;ssl=1 768w, https:\/\/i0.wp.com\/puycapel.fr\/wp-content\/uploads\/2026\/04\/8-mai-enfants-1.jpg?resize=1086%2C1536&amp;ssl=1 1086w, https:\/\/i0.wp.com\/puycapel.fr\/wp-content\/uploads\/2026\/04\/8-mai-enfants-1.jpg?resize=1320%2C1867&amp;ssl=1 1320w, https:\/\/i0.wp.com\/puycapel.fr\/wp-content\/uploads\/2026\/04\/8-mai-enfants-1.jpg?w=1414&amp;ssl=1 1414w\" sizes=\"auto, (max-width: 724px) 100vw, 724px\" \/><\/figure>\n","protected":false},"excerpt":{"rendered":"","protected":false},"author":2,"featured_media":0,"comment_status":"closed","ping_status":"closed","sticky":false,"template":"","format":"standard","meta":{"_exactmetrics_skip_tracking":false,"_exactmetrics_sitenote_active":false,"_exactmetrics_sitenote_note":"","_exactmetrics_sitenote_category":0,"jetpack_post_was_ever_published":false,"_jetpack_newsletter_access":"","_jetpack_dont_email_post_to_subs":false,"_jetpack_newsletter_tier_id":0,"_jetpack_memberships_contains_paywalled_content":false,"_jetpack_memberships_contains_paid_content":false,"footnotes":""},"categories":[28],"tags":[],"class_list":["post-11158","post","type-post","status-publish","format-standard","hentry","category-actuellement"],"jetpack_featured_media_url":"","jetpack_sharing_enabled":true,"jetpack_shortlink":"https:\/\/wp.me\/paADkW-2TY","jetpack-related-posts":[{"id":8051,"url":"https:\/\/puycapel.fr\/index.php\/2023\/05\/10\/photo-et-messages-des-ceremonies-de-commemoration-du-8-mai-1945-a-puycapel\/","url_meta":{"origin":11158,"position":0},"title":"Photos et messages des c\u00e9r\u00e9monies de comm\u00e9moration du 8 mai 1945 \u00e0 Puycapel","author":"Antoine Puech","date":"10 mai 2023","format":false,"excerpt":"MESSAGE-DE-S.-LECORNU-ministre-des-Armees-08-05-2023T\u00e9l\u00e9charger MESSAGE-DE-LUFAC-08-05-2023T\u00e9l\u00e9charger","rel":"","context":"Dans &quot;Actualit\u00e9s&quot;","block_context":{"text":"Actualit\u00e9s","link":"https:\/\/puycapel.fr\/index.php\/category\/actuellement\/"},"img":{"alt_text":"","src":"https:\/\/i0.wp.com\/puycapel.fr\/wp-content\/uploads\/2023\/05\/MOURJOU-8-MAI-2023-2-rotated.jpg?resize=350%2C200&ssl=1","width":350,"height":200,"srcset":"https:\/\/i0.wp.com\/puycapel.fr\/wp-content\/uploads\/2023\/05\/MOURJOU-8-MAI-2023-2-rotated.jpg?resize=350%2C200&ssl=1 1x, https:\/\/i0.wp.com\/puycapel.fr\/wp-content\/uploads\/2023\/05\/MOURJOU-8-MAI-2023-2-rotated.jpg?resize=525%2C300&ssl=1 1.5x, https:\/\/i0.wp.com\/puycapel.fr\/wp-content\/uploads\/2023\/05\/MOURJOU-8-MAI-2023-2-rotated.jpg?resize=700%2C400&ssl=1 2x"},"classes":[]},{"id":2469,"url":"https:\/\/puycapel.fr\/index.php\/2020\/05\/08\/covid-19-commemoration-du-8-mai-1945\/","url_meta":{"origin":11158,"position":1},"title":"COVID 19 &#8211; COMMEMORATION DU 8 MAI 1945","author":"Antoine Puech","date":"8 mai 2020","format":false,"excerpt":"En raison de la crise sanitaire, les c\u00e9r\u00e9monies de comm\u00e9moration du 75\u00e8me anniversaire de la Victoire du 8 mai 1945 ont \u00e9t\u00e9 annul\u00e9es.Conform\u00e9ment \u00e0 la suggestion de madame\u00a0 la Ministre de la D\u00e9fense, un d\u00e9p\u00f4t de gerbes devant chacun des Monuments aux Morts de la commune a \u00e9t\u00e9 effectu\u00e9 ce\u2026","rel":"","context":"Dans &quot;Actualit\u00e9s&quot;","block_context":{"text":"Actualit\u00e9s","link":"https:\/\/puycapel.fr\/index.php\/category\/actuellement\/"},"img":{"alt_text":"","src":"https:\/\/i0.wp.com\/puycapel.fr\/wp-content\/uploads\/2020\/05\/IMG_0542.jpg?resize=350%2C200&ssl=1","width":350,"height":200,"srcset":"https:\/\/i0.wp.com\/puycapel.fr\/wp-content\/uploads\/2020\/05\/IMG_0542.jpg?resize=350%2C200&ssl=1 1x, https:\/\/i0.wp.com\/puycapel.fr\/wp-content\/uploads\/2020\/05\/IMG_0542.jpg?resize=525%2C300&ssl=1 1.5x"},"classes":[]},{"id":6689,"url":"https:\/\/puycapel.fr\/index.php\/2022\/05\/04\/commemoration-8-mai-1945\/","url_meta":{"origin":11158,"position":2},"title":"Comm\u00e9moration 8 mai 1945","author":"Mairie Puycapel","date":"4 mai 2022","format":false,"excerpt":"Affiche-8-mai-2022T\u00e9l\u00e9charger","rel":"","context":"Dans &quot;Actualit\u00e9s&quot;","block_context":{"text":"Actualit\u00e9s","link":"https:\/\/puycapel.fr\/index.php\/category\/actuellement\/"},"img":{"alt_text":"","src":"","width":0,"height":0},"classes":[]},{"id":6751,"url":"https:\/\/puycapel.fr\/index.php\/2022\/05\/17\/commemoration-de-la-victoire-du-8-mai-1945\/","url_meta":{"origin":11158,"position":3},"title":"COMMEMORATION DE LA VICTOIRE DU 8 MAI 1945","author":"Antoine Puech","date":"17 mai 2022","format":false,"excerpt":"","rel":"","context":"Dans &quot;Actualit\u00e9s&quot;","block_context":{"text":"Actualit\u00e9s","link":"https:\/\/puycapel.fr\/index.php\/category\/actuellement\/"},"img":{"alt_text":"","src":"https:\/\/i0.wp.com\/puycapel.fr\/wp-content\/uploads\/2022\/05\/MOURJOU-8-mai-2022-rotated.jpg?resize=350%2C200","width":350,"height":200,"srcset":"https:\/\/i0.wp.com\/puycapel.fr\/wp-content\/uploads\/2022\/05\/MOURJOU-8-mai-2022-rotated.jpg?resize=350%2C200 1x, https:\/\/i0.wp.com\/puycapel.fr\/wp-content\/uploads\/2022\/05\/MOURJOU-8-mai-2022-rotated.jpg?resize=525%2C300 1.5x, https:\/\/i0.wp.com\/puycapel.fr\/wp-content\/uploads\/2022\/05\/MOURJOU-8-mai-2022-rotated.jpg?resize=700%2C400 2x"},"classes":[]},{"id":4003,"url":"https:\/\/puycapel.fr\/index.php\/2021\/05\/08\/ceremonies-du-08-mai\/","url_meta":{"origin":11158,"position":4},"title":"C\u00e9r\u00e9monies du 08 mai &#8211; discours et photos","author":"Antoine Puech","date":"8 mai 2021","format":false,"excerpt":"JN-8-mai-2021-commemoration-de-la-Victoire-du-8-mai-1945-1T\u00e9l\u00e9charger cr\u00e9dits photo : Robert Malbos","rel":"","context":"Dans &quot;Actualit\u00e9s&quot;","block_context":{"text":"Actualit\u00e9s","link":"https:\/\/puycapel.fr\/index.php\/category\/actuellement\/"},"img":{"alt_text":"","src":"https:\/\/i0.wp.com\/puycapel.fr\/wp-content\/uploads\/2021\/05\/IMG_4711.jpg?resize=350%2C200&ssl=1","width":350,"height":200,"srcset":"https:\/\/i0.wp.com\/puycapel.fr\/wp-content\/uploads\/2021\/05\/IMG_4711.jpg?resize=350%2C200&ssl=1 1x, https:\/\/i0.wp.com\/puycapel.fr\/wp-content\/uploads\/2021\/05\/IMG_4711.jpg?resize=525%2C300&ssl=1 1.5x, https:\/\/i0.wp.com\/puycapel.fr\/wp-content\/uploads\/2021\/05\/IMG_4711.jpg?resize=700%2C400&ssl=1 2x"},"classes":[]},{"id":10039,"url":"https:\/\/puycapel.fr\/index.php\/2025\/05\/03\/commemoration-de-la-victoire-du-8-mai-1945-2\/","url_meta":{"origin":11158,"position":5},"title":"Comm\u00e9moration de la Victoire du 8 mai 1945","author":"Antoine Puech","date":"3 mai 2025","format":false,"excerpt":"Le jeudi 8 mai 2025\u00a0: \u00e0 10h30 au Monument aux Morts deMOURJOU, \u00e0 11h15 au Monument aux Morts deCALVINET. A l'issue des c\u00e9r\u00e9monies, les participants sont convi\u00e9s \u00e0 un vin d'honneur \u00e0 la salle des f\u00eates de Calvinet","rel":"","context":"Dans &quot;Actualit\u00e9s&quot;","block_context":{"text":"Actualit\u00e9s","link":"https:\/\/puycapel.fr\/index.php\/category\/actuellement\/"},"img":{"alt_text":"","src":"https:\/\/i0.wp.com\/puycapel.fr\/wp-content\/uploads\/2025\/05\/image.png?resize=350%2C200&ssl=1","width":350,"height":200,"srcset":"https:\/\/i0.wp.com\/puycapel.fr\/wp-content\/uploads\/2025\/05\/image.png?resize=350%2C200&ssl=1 1x, https:\/\/i0.wp.com\/puycapel.fr\/wp-content\/uploads\/2025\/05\/image.png?resize=525%2C300&ssl=1 1.5x"},"classes":[]}],"_links":{"self":[{"href":"https:\/\/puycapel.fr\/index.php\/wp-json\/wp\/v2\/posts\/11158","targetHints":{"allow":["GET"]}}],"collection":[{"href":"https:\/\/puycapel.fr\/index.php\/wp-json\/wp\/v2\/posts"}],"about":[{"href":"https:\/\/puycapel.fr\/index.php\/wp-json\/wp\/v2\/types\/post"}],"author":[{"embeddable":true,"href":"https:\/\/puycapel.fr\/index.php\/wp-json\/wp\/v2\/users\/2"}],"replies":[{"embeddable":true,"href":"https:\/\/puycapel.fr\/index.php\/wp-json\/wp\/v2\/comments?post=11158"}],"version-history":[{"count":2,"href":"https:\/\/puycapel.fr\/index.php\/wp-json\/wp\/v2\/posts\/11158\/revisions"}],"predecessor-version":[{"id":11161,"href":"https:\/\/puycapel.fr\/index.php\/wp-json\/wp\/v2\/posts\/11158\/revisions\/11161"}],"wp:attachment":[{"href":"https:\/\/puycapel.fr\/index.php\/wp-json\/wp\/v2\/media?parent=11158"}],"wp:term":[{"taxonomy":"category","embeddable":true,"href":"https:\/\/puycapel.fr\/index.php\/wp-json\/wp\/v2\/categories?post=11158"},{"taxonomy":"post_tag","embeddable":true,"href":"https:\/\/puycapel.fr\/index.php\/wp-json\/wp\/v2\/tags?post=11158"}],"curies":[{"name":"wp","href":"https:\/\/api.w.org\/{rel}","templated":true}]}}