{"id":11167,"date":"2026-04-29T14:39:22","date_gmt":"2026-04-29T12:39:22","guid":{"rendered":"https:\/\/puycapel.fr\/?p=11167"},"modified":"2026-04-29T14:45:37","modified_gmt":"2026-04-29T12:45:37","slug":"offre-demploi-maison-de-la-chataigne","status":"publish","type":"post","link":"https:\/\/puycapel.fr\/index.php\/2026\/04\/29\/offre-demploi-maison-de-la-chataigne\/","title":{"rendered":"Offre d&#8217;emploi : Maison de la ch\u00e2taigne"},"content":{"rendered":"\n<figure class=\"wp-block-image size-large\"><img data-recalc-dims=\"1\" loading=\"lazy\" decoding=\"async\" width=\"1024\" height=\"1024\" data-attachment-id=\"11168\" data-permalink=\"https:\/\/puycapel.fr\/index.php\/2026\/04\/29\/offre-demploi-maison-de-la-chataigne\/publication-facebook-mdc\/\" data-orig-file=\"https:\/\/i0.wp.com\/puycapel.fr\/wp-content\/uploads\/2026\/04\/Publication-Facebook-MDC.jpg?fit=2160%2C2160&amp;ssl=1\" data-orig-size=\"2160,2160\" data-comments-opened=\"0\" data-image-meta=\"{&quot;aperture&quot;:&quot;0&quot;,&quot;credit&quot;:&quot;&quot;,&quot;camera&quot;:&quot;&quot;,&quot;caption&quot;:&quot;&quot;,&quot;created_timestamp&quot;:&quot;0&quot;,&quot;copyright&quot;:&quot;&quot;,&quot;focal_length&quot;:&quot;0&quot;,&quot;iso&quot;:&quot;0&quot;,&quot;shutter_speed&quot;:&quot;0&quot;,&quot;title&quot;:&quot;&quot;,&quot;orientation&quot;:&quot;1&quot;}\" data-image-title=\"Publication Facebook MDC\" data-image-description=\"\" data-image-caption=\"\" data-large-file=\"https:\/\/i0.wp.com\/puycapel.fr\/wp-content\/uploads\/2026\/04\/Publication-Facebook-MDC.jpg?fit=1024%2C1024&amp;ssl=1\" src=\"https:\/\/i0.wp.com\/puycapel.fr\/wp-content\/uploads\/2026\/04\/Publication-Facebook-MDC.jpg?resize=1024%2C1024&#038;ssl=1\" alt=\"\" class=\"wp-image-11168\" srcset=\"https:\/\/i0.wp.com\/puycapel.fr\/wp-content\/uploads\/2026\/04\/Publication-Facebook-MDC.jpg?resize=1024%2C1024&amp;ssl=1 1024w, https:\/\/i0.wp.com\/puycapel.fr\/wp-content\/uploads\/2026\/04\/Publication-Facebook-MDC.jpg?resize=300%2C300&amp;ssl=1 300w, https:\/\/i0.wp.com\/puycapel.fr\/wp-content\/uploads\/2026\/04\/Publication-Facebook-MDC.jpg?resize=150%2C150&amp;ssl=1 150w, https:\/\/i0.wp.com\/puycapel.fr\/wp-content\/uploads\/2026\/04\/Publication-Facebook-MDC.jpg?resize=768%2C768&amp;ssl=1 768w, https:\/\/i0.wp.com\/puycapel.fr\/wp-content\/uploads\/2026\/04\/Publication-Facebook-MDC.jpg?resize=1536%2C1536&amp;ssl=1 1536w, https:\/\/i0.wp.com\/puycapel.fr\/wp-content\/uploads\/2026\/04\/Publication-Facebook-MDC.jpg?resize=2048%2C2048&amp;ssl=1 2048w, https:\/\/i0.wp.com\/puycapel.fr\/wp-content\/uploads\/2026\/04\/Publication-Facebook-MDC.jpg?resize=1320%2C1320&amp;ssl=1 1320w\" sizes=\"auto, (max-width: 1000px) 100vw, 1000px\" \/><\/figure>\n\n\n\n<p><img decoding=\"async\" src=\"https:\/\/static.xx.fbcdn.net\/images\/emoji.php\/v9\/t87\/2\/16\/1f330.png\" alt=\"<img decoding=\"async\" src=\">\u00a0<strong> La Maison de la ch\u00e2taigne recrute !<\/strong><\/p>\n\n\n\n<p>Nous recherchons un(e) agent d\u2019accueil polyvalent<\/p>\n\n\n\n<p><img decoding=\"async\" src=\"https:\/\/static.xx.fbcdn.net\/images\/emoji.php\/v9\/t1d\/2\/16\/1f4c5.png\" alt=\"&lt;img src=\">&nbsp;CDD 35h \u2013 de mai \u00e0 octobre<\/p>\n\n\n\n<p>Accueil, visites, boutique, entretien\u2026 un poste vari\u00e9 au c\u0153ur d\u2019un site touristique !<\/p>\n\n\n\n<p><a href=\"https:\/\/candidat.francetravail.fr\/offres\/recherche\/detail\/207MDFP\">Postulez ici<\/a><\/p>\n\n\n\n<p><\/p>\n\n\n\n<p><\/p>\n\n\n\n<p><\/p>\n\n\n\n<p><\/p>\n","protected":false},"excerpt":{"rendered":"<p>\u00a0 La Maison de la ch\u00e2taigne recrute ! Nous recherchons un(e) agent d\u2019accueil polyvalent &nbsp;CDD 35h \u2013 de mai \u00e0 octobre Accueil, visites, boutique, entretien\u2026 un poste vari\u00e9 au c\u0153ur d\u2019un site touristique ! Postulez ici<\/p>\n","protected":false},"author":2,"featured_media":0,"comment_status":"closed","ping_status":"closed","sticky":false,"template":"","format":"standard","meta":{"_exactmetrics_skip_tracking":false,"_exactmetrics_sitenote_active":false,"_exactmetrics_sitenote_note":"","_exactmetrics_sitenote_category":0,"jetpack_post_was_ever_published":false,"_jetpack_newsletter_access":"","_jetpack_dont_email_post_to_subs":false,"_jetpack_newsletter_tier_id":0,"_jetpack_memberships_contains_paywalled_content":false,"_jetpack_memberships_contains_paid_content":false,"footnotes":""},"categories":[28],"tags":[],"class_list":["post-11167","post","type-post","status-publish","format-standard","hentry","category-actuellement"],"jetpack_featured_media_url":"","jetpack_sharing_enabled":true,"jetpack_shortlink":"https:\/\/wp.me\/paADkW-2U7","jetpack-related-posts":[{"id":9210,"url":"https:\/\/puycapel.fr\/index.php\/2024\/06\/14\/maison-de-la-chataigne-on-a-besoin-de-vous\/","url_meta":{"origin":11167,"position":0},"title":"Maison de la ch\u00e2taigne: On a besoin de vous !","author":"Mairie Puycapel","date":"14 juin 2024","format":false,"excerpt":"L'\u00e9t\u00e9 approche et nous recherchons l'aide des b\u00e9n\u00e9voles pour tenir principalement la grange pendant la saison.\u00a0 Notre seul souhait : accueillir les visiteurs avec le sourire et pr\u00e9voir un bon livre pour passer le temps !\u00a0 Vous trouverez ci-joint le lien pour le planning d'accueil :\u00a0https:\/\/docs.google.com\/spreadsheets\/d\/1eZWp6zxlp6LOsKR1xKwEUD7xq0h_QYMgGLuPL79GHOU\/edit?usp=sharing Si vous avez des\u2026","rel":"","context":"Dans &quot;Actualit\u00e9s&quot;","block_context":{"text":"Actualit\u00e9s","link":"https:\/\/puycapel.fr\/index.php\/category\/actuellement\/"},"img":{"alt_text":"","src":"","width":0,"height":0},"classes":[]},{"id":2462,"url":"https:\/\/puycapel.fr\/index.php\/2020\/05\/07\/ouverture-de-la-maison-de-la-chataigne-a-mourjou\/","url_meta":{"origin":11167,"position":1},"title":"Ouverture de la Maison de la ch\u00e2taigne \u00e0 Mourjou :","author":"Mairie Puycapel","date":"7 mai 2020","format":false,"excerpt":"Dans le cadre du d\u00e9-confinement avec prudence, la Maison de la ch\u00e2taigne, \u00e9comus\u00e9e de la Ch\u00e2taigneraie cantalienne, ouvre \u00e0 compter du mardi 12 mai, de 14 h \u00e0 18 h, sauf les lundi.Un protocole d'accueil d\u00e9finit les contraintes li\u00e9es au Covid-19 (d\u00e9sinfection, distanciation, gestes barri\u00e8re, gel hydroalcoolique...). Les b\u00e2timents et\u2026","rel":"","context":"Dans &quot;Actualit\u00e9s&quot;","block_context":{"text":"Actualit\u00e9s","link":"https:\/\/puycapel.fr\/index.php\/category\/actuellement\/"},"img":{"alt_text":"","src":"","width":0,"height":0},"classes":[]},{"id":6605,"url":"https:\/\/puycapel.fr\/index.php\/2022\/04\/07\/maison-de-la-chataigne-animations-2022\/","url_meta":{"origin":11167,"position":2},"title":"Maison de la ch\u00e2taigne: animations 2022","author":"Mairie Puycapel","date":"7 avril 2022","format":false,"excerpt":"Le programme des animations pr\u00e9vues \u00e0 la Maison de la ch\u00e2taigne est pr\u00eat. Pour le d\u00e9couvrir cliquez ici.","rel":"","context":"Dans &quot;Actualit\u00e9s&quot;","block_context":{"text":"Actualit\u00e9s","link":"https:\/\/puycapel.fr\/index.php\/category\/actuellement\/"},"img":{"alt_text":"","src":"","width":0,"height":0},"classes":[]},{"id":9910,"url":"https:\/\/puycapel.fr\/index.php\/2025\/03\/26\/maison-de-la-chataigne-animations-2025\/","url_meta":{"origin":11167,"position":3},"title":"Maison de la ch\u00e2taigne: animations 2025","author":"Mairie Puycapel","date":"26 mars 2025","format":false,"excerpt":"La Maison de la ch\u00e2taigne ouvre ses portes le mardi 1er avril ! D\u00e9couvrez le programme d'animations de la saison 2025 ICI","rel":"","context":"Dans &quot;Non class\u00e9&quot;","block_context":{"text":"Non class\u00e9","link":"https:\/\/puycapel.fr\/index.php\/category\/non-classe\/"},"img":{"alt_text":"","src":"","width":0,"height":0},"classes":[]},{"id":6475,"url":"https:\/\/puycapel.fr\/index.php\/2022\/03\/17\/maison-de-la-chataigne-cafe-gourmand-reporte\/","url_meta":{"origin":11167,"position":4},"title":"Maison de la ch\u00e2taigne: caf\u00e9 gourmand report\u00e9.","author":"Mairie Puycapel","date":"17 mars 2022","format":false,"excerpt":"Pour des raisons li\u00e9es au Covid, l'association de gestion de la Maison de la ch\u00e2taigne doit reporter \"le caf\u00e9 gourmand\" au samedi 26 mars. Il aura lieu \u00e0 14h00 \u00e0 la Maison de la ch\u00e2taigne. Pour l'organisation et le confort de ce moment confirmez votre pr\u00e9sence au 04 71 49\u2026","rel":"","context":"Dans &quot;Actualit\u00e9s&quot;","block_context":{"text":"Actualit\u00e9s","link":"https:\/\/puycapel.fr\/index.php\/category\/actuellement\/"},"img":{"alt_text":"","src":"","width":0,"height":0},"classes":[]},{"id":2579,"url":"https:\/\/puycapel.fr\/index.php\/2020\/06\/09\/isabelle-sima-prefet-du-cantal-en-visite-a-la-maison-de-la-chataigne\/","url_meta":{"origin":11167,"position":5},"title":"Isabelle SIMA, pr\u00e9fet du Cantal en visite \u00e0 la Maison de la Ch\u00e2taigne","author":"Mairie Puycapel","date":"9 juin 2020","format":false,"excerpt":"Isabelle Sima, pr\u00e9fet du Cantal, a visit\u00e9 la Maison de la Ch\u00e2taigne ce vendredi 5 juin. Accompagn\u00e9e notamment de Charbel Aboud, secr\u00e9taire g\u00e9n\u00e9ral de la pr\u00e9fecture, sous-pr\u00e9fet de l\u2019arrondissement, Josiane Costes, s\u00e9nateur, Bernard Delcros, s\u00e9nateur, Vincent Descoeur, d\u00e9put\u00e9, Michel Teyssedou, pr\u00e9sident de la Communaut\u00e9 de Communes, avec d'autres \u00e9lus charg\u00e9s\u2026","rel":"","context":"Dans &quot;Actualit\u00e9s&quot;","block_context":{"text":"Actualit\u00e9s","link":"https:\/\/puycapel.fr\/index.php\/category\/actuellement\/"},"img":{"alt_text":"","src":"https:\/\/i0.wp.com\/puycapel.fr\/wp-content\/uploads\/2020\/06\/20200604-Isabelle-Sima-a-la-Mdc-2-scaled.jpg?resize=350%2C200&ssl=1","width":350,"height":200,"srcset":"https:\/\/i0.wp.com\/puycapel.fr\/wp-content\/uploads\/2020\/06\/20200604-Isabelle-Sima-a-la-Mdc-2-scaled.jpg?resize=350%2C200&ssl=1 1x, https:\/\/i0.wp.com\/puycapel.fr\/wp-content\/uploads\/2020\/06\/20200604-Isabelle-Sima-a-la-Mdc-2-scaled.jpg?resize=525%2C300&ssl=1 1.5x, https:\/\/i0.wp.com\/puycapel.fr\/wp-content\/uploads\/2020\/06\/20200604-Isabelle-Sima-a-la-Mdc-2-scaled.jpg?resize=700%2C400&ssl=1 2x, https:\/\/i0.wp.com\/puycapel.fr\/wp-content\/uploads\/2020\/06\/20200604-Isabelle-Sima-a-la-Mdc-2-scaled.jpg?resize=1050%2C600&ssl=1 3x, https:\/\/i0.wp.com\/puycapel.fr\/wp-content\/uploads\/2020\/06\/20200604-Isabelle-Sima-a-la-Mdc-2-scaled.jpg?resize=1400%2C800&ssl=1 4x"},"classes":[]}],"_links":{"self":[{"href":"https:\/\/puycapel.fr\/index.php\/wp-json\/wp\/v2\/posts\/11167","targetHints":{"allow":["GET"]}}],"collection":[{"href":"https:\/\/puycapel.fr\/index.php\/wp-json\/wp\/v2\/posts"}],"about":[{"href":"https:\/\/puycapel.fr\/index.php\/wp-json\/wp\/v2\/types\/post"}],"author":[{"embeddable":true,"href":"https:\/\/puycapel.fr\/index.php\/wp-json\/wp\/v2\/users\/2"}],"replies":[{"embeddable":true,"href":"https:\/\/puycapel.fr\/index.php\/wp-json\/wp\/v2\/comments?post=11167"}],"version-history":[{"count":10,"href":"https:\/\/puycapel.fr\/index.php\/wp-json\/wp\/v2\/posts\/11167\/revisions"}],"predecessor-version":[{"id":11180,"href":"https:\/\/puycapel.fr\/index.php\/wp-json\/wp\/v2\/posts\/11167\/revisions\/11180"}],"wp:attachment":[{"href":"https:\/\/puycapel.fr\/index.php\/wp-json\/wp\/v2\/media?parent=11167"}],"wp:term":[{"taxonomy":"category","embeddable":true,"href":"https:\/\/puycapel.fr\/index.php\/wp-json\/wp\/v2\/categories?post=11167"},{"taxonomy":"post_tag","embeddable":true,"href":"https:\/\/puycapel.fr\/index.php\/wp-json\/wp\/v2\/tags?post=11167"}],"curies":[{"name":"wp","href":"https:\/\/api.w.org\/{rel}","templated":true}]}}