{"id":11192,"date":"2026-04-30T08:51:35","date_gmt":"2026-04-30T06:51:35","guid":{"rendered":"https:\/\/puycapel.fr\/?p=11192"},"modified":"2026-04-30T09:50:34","modified_gmt":"2026-04-30T07:50:34","slug":"travaux-entretien-des-lignes-aeriennes-enedis","status":"publish","type":"post","link":"https:\/\/puycapel.fr\/index.php\/2026\/04\/30\/travaux-entretien-des-lignes-aeriennes-enedis\/","title":{"rendered":"Travaux entretien des lignes a\u00e9riennes ENEDIS"},"content":{"rendered":"\n<h2 class=\"wp-block-heading\">AVIS DE PASSAGE ENEDIS<\/h2>\n\n\n\n<h2 class=\"wp-block-heading\"><strong>ENTRETIEN DES LIGNES AERIENNES<\/strong><\/h2>\n\n\n\n<p>Enedis informe que des travaux d\u2019\u00e9lagage vont \u00eatre engag\u00e9s aux abords des lignes HTA 20KV sur les communes de :<\/p>\n\n\n\n<p>Ladinhac, Sansac-veinazes, Junhac, Labesserette, Lacapelle-del-Fraysse, Lafeuillade-en-Vezie, Montsalvy, Lapeyrugue, Cassaniouze, Calvinet, Senezergues, Mourjou, St-Antoine, Saint-Etienne-de-Maurs, St-Constant Fournoules, Leynhac.<\/p>\n\n\n\n<h2 class=\"wp-block-heading\">Date des travaux :<\/h2>\n\n\n\n<p><strong>A compter du 04\/05\/2026<\/strong><\/p>\n\n\n\n<p>Le responsable des travaux sera Monsieur ROUSSET<\/p>\n\n\n\n<p>Tel: 06 48 66 22 89<\/p>\n\n\n\n<p>&#8212;&#8212;&#8212;&#8212;<\/p>\n\n\n\n<p>SARL RIVIERE<\/p>\n\n\n\n<p>Lavergne<\/p>\n\n\n\n<p>15200 CHALVIGNAC<\/p>\n\n\n\n<p>Tel : 06 87 35 17 77<\/p>\n","protected":false},"excerpt":{"rendered":"<p>AVIS DE PASSAGE ENEDIS ENTRETIEN DES LIGNES AERIENNES Enedis informe que des travaux d\u2019\u00e9lagage vont \u00eatre engag\u00e9s aux abords des lignes HTA 20KV sur les communes de : Ladinhac, Sansac-veinazes, Junhac, Labesserette, Lacapelle-del-Fraysse, Lafeuillade-en-Vezie, Montsalvy, Lapeyrugue, Cassaniouze, Calvinet, Senezergues, Mourjou, St-Antoine, Saint-Etienne-de-Maurs, St-Constant Fournoules, Leynhac. Date des travaux : A compter du 04\/05\/2026 Le responsable [&hellip;]<\/p>\n","protected":false},"author":2,"featured_media":0,"comment_status":"closed","ping_status":"closed","sticky":false,"template":"","format":"standard","meta":{"_exactmetrics_skip_tracking":false,"_exactmetrics_sitenote_active":false,"_exactmetrics_sitenote_note":"","_exactmetrics_sitenote_category":0,"jetpack_post_was_ever_published":false,"_jetpack_newsletter_access":"","_jetpack_dont_email_post_to_subs":false,"_jetpack_newsletter_tier_id":0,"_jetpack_memberships_contains_paywalled_content":false,"_jetpack_memberships_contains_paid_content":false,"footnotes":""},"categories":[28],"tags":[],"class_list":["post-11192","post","type-post","status-publish","format-standard","hentry","category-actuellement"],"jetpack_featured_media_url":"","jetpack_sharing_enabled":true,"jetpack_shortlink":"https:\/\/wp.me\/paADkW-2Uw","jetpack-related-posts":[{"id":3974,"url":"https:\/\/puycapel.fr\/index.php\/2021\/05\/05\/travaux-delagage-2\/","url_meta":{"origin":11192,"position":0},"title":"Travaux d&rsquo;\u00e9lagage","author":"Mairie Puycapel","date":"5 mai 2021","format":false,"excerpt":"\u00a0\u00a0\u00a0\u00a0\u00a0\u00a0 L'entreprise Corr\u00e8ze \u00e9lagage est mandat\u00e9e par Enedis afin de r\u00e9aliser des travaux d\u2019\u00e9lagage autour des lignes \u00e9lectriques Basse Tension de la commune durant la p\u00e9riode du 03\/05\/2021 au 30\/06\/2021 \u00a0\u00a0\u00a0\u00a0\u00a0\u00a0 L\u2019objectif est d\u2019am\u00e9liorer la qualit\u00e9 de l\u2019\u00e9lectricit\u00e9. \u00a0\u00a0\u00a0\u00a0\u00a0\u00a0","rel":"","context":"Dans &quot;Actualit\u00e9s&quot;","block_context":{"text":"Actualit\u00e9s","link":"https:\/\/puycapel.fr\/index.php\/category\/actuellement\/"},"img":{"alt_text":"","src":"","width":0,"height":0},"classes":[]},{"id":3813,"url":"https:\/\/puycapel.fr\/index.php\/2021\/04\/12\/coupures-de-courant-pour-travaux-enedis\/","url_meta":{"origin":11192,"position":1},"title":"Coupures de courant pour travaux (ENEDIS)","author":"Mairie Puycapel","date":"12 avril 2021","format":false,"excerpt":"13 avril de 8h00 \u00e0 13h00: MOURJOU, l'Hermite, le Sauvage, La Cabane, le Travers, Cauffeyt, Tounou, Sadours. 16 avril de 9h00 \u00e0 12h00: CALVINET, le bourg Rue de la ch\u00e2taigneraie, la Roubine, La Place, Palassy, chemin du Claux, le Faisan, le Vernassal,","rel":"","context":"Dans &quot;Actualit\u00e9s&quot;","block_context":{"text":"Actualit\u00e9s","link":"https:\/\/puycapel.fr\/index.php\/category\/actuellement\/"},"img":{"alt_text":"","src":"","width":0,"height":0},"classes":[]},{"id":6360,"url":"https:\/\/puycapel.fr\/index.php\/2022\/02\/08\/coupures-de-courant-pour-travaux\/","url_meta":{"origin":11192,"position":2},"title":"Coupures de courant pour travaux","author":"Mairie Puycapel","date":"8 f\u00e9vrier 2022","format":false,"excerpt":"ENEDIS informe que des travaux sur le r\u00e9seau \u00e9lectrique entraineront des coupures d'\u00e9lectricit\u00e9: MERCREDI 02 MARS de 14h00 \u00e0 16h00: secteur MOURJOU \u00e0 Gal\u00e8s, Labesserette, le Combelou, Labro, La Capie, le Garriguet. INFOS COUPURES ENEDIST\u00e9l\u00e9charger","rel":"","context":"Dans &quot;Actualit\u00e9s&quot;","block_context":{"text":"Actualit\u00e9s","link":"https:\/\/puycapel.fr\/index.php\/category\/actuellement\/"},"img":{"alt_text":"","src":"","width":0,"height":0},"classes":[]},{"id":6661,"url":"https:\/\/puycapel.fr\/index.php\/2022\/04\/25\/coupures-de-courant-pour-travaux-2\/","url_meta":{"origin":11192,"position":3},"title":"Coupures de courant pour travaux","author":"Mairie Puycapel","date":"25 avril 2022","format":false,"excerpt":"ENEDIS informe que des travaux sont pr\u00e9vus sur le r\u00e9seau \u00e9lectrique afin d'am\u00e9liorer la qualit\u00e9 de la distribution \u00e9lectrique. Les coupures sont pr\u00e9vues lundi 02 mai de 13h30 \u00e0 17h00 aux lieux-dits: Prentegarde, Escanis, Lagane.","rel":"","context":"Dans &quot;Actualit\u00e9s&quot;","block_context":{"text":"Actualit\u00e9s","link":"https:\/\/puycapel.fr\/index.php\/category\/actuellement\/"},"img":{"alt_text":"","src":"","width":0,"height":0},"classes":[]},{"id":9987,"url":"https:\/\/puycapel.fr\/index.php\/2025\/04\/17\/coupures-de-courant-pour-travaux-3\/","url_meta":{"origin":11192,"position":4},"title":"Coupures de courant pour travaux","author":"Mairie Puycapel","date":"17 avril 2025","format":false,"excerpt":"ENEDIS informe que des coupures vont avoir lieu: vendredi 25 avril de 9h00 \u00e0 12h, secteur Espradel, Puy de Beau","rel":"","context":"Dans &quot;Actualit\u00e9s&quot;","block_context":{"text":"Actualit\u00e9s","link":"https:\/\/puycapel.fr\/index.php\/category\/actuellement\/"},"img":{"alt_text":"","src":"","width":0,"height":0},"classes":[]},{"id":10021,"url":"https:\/\/puycapel.fr\/index.php\/2025\/04\/24\/coupures-de-courant-pour-travaux-4\/","url_meta":{"origin":11192,"position":5},"title":"Coupures de courant pour travaux","author":"Mairie Puycapel","date":"24 avril 2025","format":false,"excerpt":"ENEDIS informe que des coupures de courant sont \u00e0 pr\u00e9voir le lundi 05 mai, le matin - secteur CALVINET: le Puech Plaisance Asprat","rel":"","context":"Dans &quot;Actualit\u00e9s&quot;","block_context":{"text":"Actualit\u00e9s","link":"https:\/\/puycapel.fr\/index.php\/category\/actuellement\/"},"img":{"alt_text":"","src":"","width":0,"height":0},"classes":[]}],"_links":{"self":[{"href":"https:\/\/puycapel.fr\/index.php\/wp-json\/wp\/v2\/posts\/11192","targetHints":{"allow":["GET"]}}],"collection":[{"href":"https:\/\/puycapel.fr\/index.php\/wp-json\/wp\/v2\/posts"}],"about":[{"href":"https:\/\/puycapel.fr\/index.php\/wp-json\/wp\/v2\/types\/post"}],"author":[{"embeddable":true,"href":"https:\/\/puycapel.fr\/index.php\/wp-json\/wp\/v2\/users\/2"}],"replies":[{"embeddable":true,"href":"https:\/\/puycapel.fr\/index.php\/wp-json\/wp\/v2\/comments?post=11192"}],"version-history":[{"count":3,"href":"https:\/\/puycapel.fr\/index.php\/wp-json\/wp\/v2\/posts\/11192\/revisions"}],"predecessor-version":[{"id":11196,"href":"https:\/\/puycapel.fr\/index.php\/wp-json\/wp\/v2\/posts\/11192\/revisions\/11196"}],"wp:attachment":[{"href":"https:\/\/puycapel.fr\/index.php\/wp-json\/wp\/v2\/media?parent=11192"}],"wp:term":[{"taxonomy":"category","embeddable":true,"href":"https:\/\/puycapel.fr\/index.php\/wp-json\/wp\/v2\/categories?post=11192"},{"taxonomy":"post_tag","embeddable":true,"href":"https:\/\/puycapel.fr\/index.php\/wp-json\/wp\/v2\/tags?post=11192"}],"curies":[{"name":"wp","href":"https:\/\/api.w.org\/{rel}","templated":true}]}}