{"id":11572,"date":"2026-08-06T16:41:13","date_gmt":"2026-08-06T14:41:13","guid":{"rendered":"https:\/\/puycapel.fr\/?p=11572"},"modified":"2026-08-06T16:41:14","modified_gmt":"2026-08-06T14:41:14","slug":"vous-etes-possedez-une-chataigneraie","status":"publish","type":"post","link":"https:\/\/puycapel.fr\/index.php\/2026\/08\/06\/vous-etes-possedez-une-chataigneraie\/","title":{"rendered":"Vous \u00eates poss\u00e9dez une ch\u00e2taigneraie?"},"content":{"rendered":"\n<figure class=\"wp-block-image size-large\"><img data-recalc-dims=\"1\" loading=\"lazy\" decoding=\"async\" width=\"670\" height=\"1024\" data-attachment-id=\"11573\" data-permalink=\"https:\/\/puycapel.fr\/index.php\/2026\/08\/06\/vous-etes-possedez-une-chataigneraie\/affiche-entiere\/\" data-orig-file=\"https:\/\/i0.wp.com\/puycapel.fr\/wp-content\/uploads\/2026\/08\/affiche-entiere.jpg?fit=1123%2C1717&amp;ssl=1\" data-orig-size=\"1123,1717\" data-comments-opened=\"0\" data-image-meta=\"{&quot;aperture&quot;:&quot;0&quot;,&quot;credit&quot;:&quot;&quot;,&quot;camera&quot;:&quot;&quot;,&quot;caption&quot;:&quot;&quot;,&quot;created_timestamp&quot;:&quot;0&quot;,&quot;copyright&quot;:&quot;&quot;,&quot;focal_length&quot;:&quot;0&quot;,&quot;iso&quot;:&quot;0&quot;,&quot;shutter_speed&quot;:&quot;0&quot;,&quot;title&quot;:&quot;&quot;,&quot;orientation&quot;:&quot;0&quot;,&quot;alt&quot;:&quot;&quot;}\" data-image-title=\"affiche entiere\" data-image-description=\"\" data-image-caption=\"\" data-large-file=\"https:\/\/i0.wp.com\/puycapel.fr\/wp-content\/uploads\/2026\/08\/affiche-entiere.jpg?fit=670%2C1024&amp;ssl=1\" src=\"https:\/\/i0.wp.com\/puycapel.fr\/wp-content\/uploads\/2026\/08\/affiche-entiere-670x1024.jpg?resize=670%2C1024&#038;ssl=1\" alt=\"\" class=\"wp-image-11573\" srcset=\"https:\/\/i0.wp.com\/puycapel.fr\/wp-content\/uploads\/2026\/08\/affiche-entiere.jpg?resize=670%2C1024&amp;ssl=1 670w, https:\/\/i0.wp.com\/puycapel.fr\/wp-content\/uploads\/2026\/08\/affiche-entiere.jpg?resize=196%2C300&amp;ssl=1 196w, https:\/\/i0.wp.com\/puycapel.fr\/wp-content\/uploads\/2026\/08\/affiche-entiere.jpg?resize=768%2C1174&amp;ssl=1 768w, https:\/\/i0.wp.com\/puycapel.fr\/wp-content\/uploads\/2026\/08\/affiche-entiere.jpg?resize=1005%2C1536&amp;ssl=1 1005w, https:\/\/i0.wp.com\/puycapel.fr\/wp-content\/uploads\/2026\/08\/affiche-entiere.jpg?w=1123&amp;ssl=1 1123w\" sizes=\"auto, (max-width: 670px) 100vw, 670px\" \/><\/figure>\n","protected":false},"excerpt":{"rendered":"","protected":false},"author":2,"featured_media":0,"comment_status":"closed","ping_status":"closed","sticky":false,"template":"","format":"standard","meta":{"_exactmetrics_skip_tracking":false,"_jetpack_newsletter_access":"","_jetpack_dont_email_post_to_subs":false,"_jetpack_newsletter_tier_id":0,"_jetpack_memberships_contains_paywalled_content":false,"_jetpack_feature_clip_id":0,"_jetpack_memberships_contains_paid_content":false,"footnotes":"","jetpack_post_was_ever_published":false},"categories":[28],"tags":[],"class_list":["post-11572","post","type-post","status-publish","format-standard","hentry","category-actuellement"],"jetpack_sharing_enabled":true,"jetpack_shortlink":"https:\/\/wp.me\/paADkW-30E","jetpack-related-posts":[{"id":10389,"url":"https:\/\/puycapel.fr\/index.php\/2025\/08\/22\/arrete-de-circulation-calvinet-rue-de-la-chataigneraie-2\/","url_meta":{"origin":11572,"position":0},"title":"Arr\u00eat\u00e9 de circulation : Calvinet &#8211; Rue de la Ch\u00e2taigneraie","author":"Mairie Puycapel","date":"22 ao\u00fbt 2025","format":false,"excerpt":"ARRETE CIRCULATION RUE DE LA CHATAIGNERAIET\u00e9l\u00e9charger","rel":"","context":"Dans &quot;Actualit\u00e9s&quot;","block_context":{"text":"Actualit\u00e9s","link":"https:\/\/puycapel.fr\/index.php\/category\/actuellement\/"},"img":{"alt_text":"","src":"","width":0,"height":0},"classes":[]},{"id":9463,"url":"https:\/\/puycapel.fr\/index.php\/2024\/09\/16\/vivre-en-chataigneraie-reprise-des-cours-de-danse\/","url_meta":{"origin":11572,"position":1},"title":"Vivre en Ch\u00e2taigneraie : reprise des cours de danse","author":"Mairie Puycapel","date":"16 septembre 2024","format":false,"excerpt":"","rel":"","context":"Dans &quot;Actualit\u00e9s&quot;","block_context":{"text":"Actualit\u00e9s","link":"https:\/\/puycapel.fr\/index.php\/category\/actuellement\/"},"img":{"alt_text":"","src":"https:\/\/i0.wp.com\/puycapel.fr\/wp-content\/uploads\/2024\/09\/affiche-danse_page-0001.jpg?resize=350%2C200&ssl=1","width":350,"height":200,"srcset":"https:\/\/i0.wp.com\/puycapel.fr\/wp-content\/uploads\/2024\/09\/affiche-danse_page-0001.jpg?resize=350%2C200&ssl=1 1x, https:\/\/i0.wp.com\/puycapel.fr\/wp-content\/uploads\/2024\/09\/affiche-danse_page-0001.jpg?resize=525%2C300&ssl=1 1.5x, https:\/\/i0.wp.com\/puycapel.fr\/wp-content\/uploads\/2024\/09\/affiche-danse_page-0001.jpg?resize=700%2C400&ssl=1 2x, https:\/\/i0.wp.com\/puycapel.fr\/wp-content\/uploads\/2024\/09\/affiche-danse_page-0001.jpg?resize=1050%2C600&ssl=1 3x"},"classes":[]},{"id":6443,"url":"https:\/\/puycapel.fr\/index.php\/2022\/03\/02\/assemblee-generale-vivre-en-chataigneraie\/","url_meta":{"origin":11572,"position":2},"title":"Assembl\u00e9e g\u00e9n\u00e9rale Vivre en Ch\u00e2taigneraie","author":"Mairie Puycapel","date":"2 mars 2022","format":false,"excerpt":"affiche-AG-2022T\u00e9l\u00e9charger","rel":"","context":"Dans &quot;Actualit\u00e9s&quot;","block_context":{"text":"Actualit\u00e9s","link":"https:\/\/puycapel.fr\/index.php\/category\/actuellement\/"},"img":{"alt_text":"","src":"","width":0,"height":0},"classes":[]},{"id":9106,"url":"https:\/\/puycapel.fr\/index.php\/2024\/05\/06\/histoire-locale-vivre-en-chataigneraie\/","url_meta":{"origin":11572,"position":3},"title":"HISTOIRE LOCALE &#8211; Vivre en Ch\u00e2taigneraie","author":"Mairie Puycapel","date":"6 mai 2024","format":false,"excerpt":"Affiche-Vivre-en-Chat.-histoire-locale-25.05.2024T\u00e9l\u00e9charger","rel":"","context":"Dans &quot;Actualit\u00e9s&quot;","block_context":{"text":"Actualit\u00e9s","link":"https:\/\/puycapel.fr\/index.php\/category\/actuellement\/"},"img":{"alt_text":"","src":"","width":0,"height":0},"classes":[]},{"id":7269,"url":"https:\/\/puycapel.fr\/index.php\/2022\/08\/29\/reglementation-temporaire-de-la-circulation-rue-de-la-chataigneraie\/","url_meta":{"origin":11572,"position":4},"title":"Reglementation temporaire de la circulation rue de la chataigneraie","author":"Antoine Puech","date":"29 ao\u00fbt 2022","format":false,"excerpt":"Circulation-Arrete-du-26-08-22T\u00e9l\u00e9charger","rel":"","context":"Dans &quot;Actualit\u00e9s&quot;","block_context":{"text":"Actualit\u00e9s","link":"https:\/\/puycapel.fr\/index.php\/category\/actuellement\/"},"img":{"alt_text":"","src":"https:\/\/i0.wp.com\/puycapel.fr\/wp-content\/uploads\/2022\/08\/image-2.png?resize=350%2C200&ssl=1","width":350,"height":200,"srcset":"https:\/\/i0.wp.com\/puycapel.fr\/wp-content\/uploads\/2022\/08\/image-2.png?resize=350%2C200&ssl=1 1x, https:\/\/i0.wp.com\/puycapel.fr\/wp-content\/uploads\/2022\/08\/image-2.png?resize=525%2C300&ssl=1 1.5x, https:\/\/i0.wp.com\/puycapel.fr\/wp-content\/uploads\/2022\/08\/image-2.png?resize=700%2C400&ssl=1 2x, https:\/\/i0.wp.com\/puycapel.fr\/wp-content\/uploads\/2022\/08\/image-2.png?resize=1050%2C600&ssl=1 3x"},"classes":[]},{"id":7277,"url":"https:\/\/puycapel.fr\/index.php\/2022\/09\/01\/arrete-de-circulation-calvinet-rue-de-la-chataigneraie\/","url_meta":{"origin":11572,"position":5},"title":"Arr\u00eat\u00e9 de circulation: Calvinet -rue de la Ch\u00e2taigneraie","author":"Mairie Puycapel","date":"1 septembre 2022","format":false,"excerpt":"circulation-arrete-du-31-08-22T\u00e9l\u00e9charger","rel":"","context":"Dans &quot;Actualit\u00e9s&quot;","block_context":{"text":"Actualit\u00e9s","link":"https:\/\/puycapel.fr\/index.php\/category\/actuellement\/"},"img":{"alt_text":"","src":"","width":0,"height":0},"classes":[]}],"jetpack_featured_media_url":"","_links":{"self":[{"href":"https:\/\/puycapel.fr\/index.php\/wp-json\/wp\/v2\/posts\/11572","targetHints":{"allow":["GET"]}}],"collection":[{"href":"https:\/\/puycapel.fr\/index.php\/wp-json\/wp\/v2\/posts"}],"about":[{"href":"https:\/\/puycapel.fr\/index.php\/wp-json\/wp\/v2\/types\/post"}],"author":[{"embeddable":true,"href":"https:\/\/puycapel.fr\/index.php\/wp-json\/wp\/v2\/users\/2"}],"replies":[{"embeddable":true,"href":"https:\/\/puycapel.fr\/index.php\/wp-json\/wp\/v2\/comments?post=11572"}],"version-history":[{"count":1,"href":"https:\/\/puycapel.fr\/index.php\/wp-json\/wp\/v2\/posts\/11572\/revisions"}],"predecessor-version":[{"id":11574,"href":"https:\/\/puycapel.fr\/index.php\/wp-json\/wp\/v2\/posts\/11572\/revisions\/11574"}],"wp:attachment":[{"href":"https:\/\/puycapel.fr\/index.php\/wp-json\/wp\/v2\/media?parent=11572"}],"wp:term":[{"taxonomy":"category","embeddable":true,"href":"https:\/\/puycapel.fr\/index.php\/wp-json\/wp\/v2\/categories?post=11572"},{"taxonomy":"post_tag","embeddable":true,"href":"https:\/\/puycapel.fr\/index.php\/wp-json\/wp\/v2\/tags?post=11572"}],"curies":[{"name":"wp","href":"https:\/\/api.w.org\/{rel}","templated":true}]}}