{"id":11575,"date":"2026-08-07T10:09:49","date_gmt":"2026-08-07T08:09:49","guid":{"rendered":"https:\/\/puycapel.fr\/?p=11575"},"modified":"2026-08-07T10:11:11","modified_gmt":"2026-08-07T08:11:11","slug":"le-vice-president-de-la-region-en-visite-a-puycapel","status":"publish","type":"post","link":"https:\/\/puycapel.fr\/index.php\/2026\/08\/07\/le-vice-president-de-la-region-en-visite-a-puycapel\/","title":{"rendered":"Le vice-pr\u00e9sident de la R\u00e9gion en visite \u00e0 Puycapel"},"content":{"rendered":"\n<p class=\"wp-block-paragraph\">Le  30 juillet 2026, visite du vice-pr\u00e9sident de la R\u00e9gion Auvergne Rh\u00f4ne-Alpes, Philippe MEUNIER, dans 4 communes du d\u00e9partement dont Puycapel. Objectif d\u00e9couvrir les projets en cours et \u00e0 venir, soutenus par la R\u00e9gion.<\/p>\n\n\n\n<p class=\"wp-block-paragraph\"><br>La visite s&rsquo;est d\u00e9roul\u00e9e de 9h15 \u00e0 10h30, il a pu d\u00e9couvrir:<\/p>\n\n\n\n<ul class=\"wp-block-list\">\n<li>Chemin pi\u00e9ton Calvinet<\/li>\n\n\n\n<li>Chantier future \u00e9cole<\/li>\n\n\n\n<li>R\u00e9novation gendarmerie<\/li>\n\n\n\n<li>Maison de sant\u00e9<\/li>\n\n\n\n<li>Cam\u00e9ra PAV<\/li>\n\n\n\n<li>Arr\u00eat Estanquiol (projet de r\u00e9novation)<\/li>\n\n\n\n<li>Bourg de Mourjou<\/li>\n\n\n\n<li>Interscience<\/li>\n<\/ul>\n\n\n\n<div class=\"wp-block-jetpack-slideshow aligncenter\" data-effect=\"slide\"><div class=\"wp-block-jetpack-slideshow_container swiper\"><ul class=\"wp-block-jetpack-slideshow_swiper-wrapper swiper-wrapper\"><li class=\"wp-block-jetpack-slideshow_slide swiper-slide\"><figure><img data-recalc-dims=\"1\" loading=\"lazy\" decoding=\"async\" width=\"768\" height=\"1024\" alt=\"\" class=\"wp-block-jetpack-slideshow_image wp-image-11576\" data-id=\"11576\" src=\"https:\/\/i0.wp.com\/puycapel.fr\/wp-content\/uploads\/2026\/08\/IMG_8736.jpeg?resize=768%2C1024&#038;ssl=1\" srcset=\"https:\/\/i0.wp.com\/puycapel.fr\/wp-content\/uploads\/2026\/08\/IMG_8736.jpeg?resize=768%2C1024&amp;ssl=1 768w, https:\/\/i0.wp.com\/puycapel.fr\/wp-content\/uploads\/2026\/08\/IMG_8736.jpeg?resize=225%2C300&amp;ssl=1 225w, https:\/\/i0.wp.com\/puycapel.fr\/wp-content\/uploads\/2026\/08\/IMG_8736.jpeg?resize=1152%2C1536&amp;ssl=1 1152w, https:\/\/i0.wp.com\/puycapel.fr\/wp-content\/uploads\/2026\/08\/IMG_8736.jpeg?resize=1320%2C1760&amp;ssl=1 1320w, https:\/\/i0.wp.com\/puycapel.fr\/wp-content\/uploads\/2026\/08\/IMG_8736.jpeg?w=1536&amp;ssl=1 1536w\" sizes=\"(max-width: 768px) 100vw, 768px\" \/><figcaption class=\"wp-block-jetpack-slideshow_caption gallery-caption\"><\/figcaption><\/figure><\/li><li class=\"wp-block-jetpack-slideshow_slide swiper-slide\"><figure><img data-recalc-dims=\"1\" loading=\"lazy\" decoding=\"async\" width=\"1536\" height=\"2048\" alt=\"\" class=\"wp-block-jetpack-slideshow_image wp-image-11577\" data-id=\"11577\" data-aspect-ratio=\"1536 \/ 2048\" src=\"https:\/\/i0.wp.com\/puycapel.fr\/wp-content\/uploads\/2026\/08\/IMG_8765.jpeg?resize=1536%2C2048&#038;ssl=1\" srcset=\"https:\/\/i0.wp.com\/puycapel.fr\/wp-content\/uploads\/2026\/08\/IMG_8765.jpeg?w=1536&amp;ssl=1 1536w, https:\/\/i0.wp.com\/puycapel.fr\/wp-content\/uploads\/2026\/08\/IMG_8765.jpeg?resize=225%2C300&amp;ssl=1 225w, https:\/\/i0.wp.com\/puycapel.fr\/wp-content\/uploads\/2026\/08\/IMG_8765.jpeg?resize=768%2C1024&amp;ssl=1 768w, https:\/\/i0.wp.com\/puycapel.fr\/wp-content\/uploads\/2026\/08\/IMG_8765.jpeg?resize=1152%2C1536&amp;ssl=1 1152w, https:\/\/i0.wp.com\/puycapel.fr\/wp-content\/uploads\/2026\/08\/IMG_8765.jpeg?resize=1320%2C1760&amp;ssl=1 1320w\" sizes=\"(max-width: 1000px) 100vw, 1000px\" \/><\/figure><\/li><li class=\"wp-block-jetpack-slideshow_slide swiper-slide\"><figure><img data-recalc-dims=\"1\" loading=\"lazy\" decoding=\"async\" width=\"1536\" height=\"2048\" alt=\"\" class=\"wp-block-jetpack-slideshow_image wp-image-11578\" data-id=\"11578\" data-aspect-ratio=\"1536 \/ 2048\" src=\"https:\/\/i0.wp.com\/puycapel.fr\/wp-content\/uploads\/2026\/08\/IMG_8780.jpeg?resize=1536%2C2048&#038;ssl=1\" srcset=\"https:\/\/i0.wp.com\/puycapel.fr\/wp-content\/uploads\/2026\/08\/IMG_8780.jpeg?w=1536&amp;ssl=1 1536w, https:\/\/i0.wp.com\/puycapel.fr\/wp-content\/uploads\/2026\/08\/IMG_8780.jpeg?resize=225%2C300&amp;ssl=1 225w, https:\/\/i0.wp.com\/puycapel.fr\/wp-content\/uploads\/2026\/08\/IMG_8780.jpeg?resize=768%2C1024&amp;ssl=1 768w, https:\/\/i0.wp.com\/puycapel.fr\/wp-content\/uploads\/2026\/08\/IMG_8780.jpeg?resize=1152%2C1536&amp;ssl=1 1152w, https:\/\/i0.wp.com\/puycapel.fr\/wp-content\/uploads\/2026\/08\/IMG_8780.jpeg?resize=1320%2C1760&amp;ssl=1 1320w\" sizes=\"(max-width: 1000px) 100vw, 1000px\" \/><\/figure><\/li><li class=\"wp-block-jetpack-slideshow_slide swiper-slide\"><figure><img data-recalc-dims=\"1\" loading=\"lazy\" decoding=\"async\" width=\"1536\" height=\"2048\" alt=\"\" class=\"wp-block-jetpack-slideshow_image wp-image-11579\" data-id=\"11579\" data-aspect-ratio=\"1536 \/ 2048\" src=\"https:\/\/i0.wp.com\/puycapel.fr\/wp-content\/uploads\/2026\/08\/IMG_8792.jpeg?resize=1536%2C2048&#038;ssl=1\" srcset=\"https:\/\/i0.wp.com\/puycapel.fr\/wp-content\/uploads\/2026\/08\/IMG_8792.jpeg?w=1536&amp;ssl=1 1536w, https:\/\/i0.wp.com\/puycapel.fr\/wp-content\/uploads\/2026\/08\/IMG_8792.jpeg?resize=225%2C300&amp;ssl=1 225w, https:\/\/i0.wp.com\/puycapel.fr\/wp-content\/uploads\/2026\/08\/IMG_8792.jpeg?resize=768%2C1024&amp;ssl=1 768w, https:\/\/i0.wp.com\/puycapel.fr\/wp-content\/uploads\/2026\/08\/IMG_8792.jpeg?resize=1152%2C1536&amp;ssl=1 1152w, https:\/\/i0.wp.com\/puycapel.fr\/wp-content\/uploads\/2026\/08\/IMG_8792.jpeg?resize=1320%2C1760&amp;ssl=1 1320w\" sizes=\"(max-width: 1000px) 100vw, 1000px\" \/><\/figure><\/li><li class=\"wp-block-jetpack-slideshow_slide swiper-slide\"><figure><img data-recalc-dims=\"1\" loading=\"lazy\" decoding=\"async\" width=\"1536\" height=\"2048\" alt=\"\" class=\"wp-block-jetpack-slideshow_image wp-image-11580\" data-id=\"11580\" data-aspect-ratio=\"1536 \/ 2048\" src=\"https:\/\/i0.wp.com\/puycapel.fr\/wp-content\/uploads\/2026\/08\/IMG_8796.jpeg?resize=1536%2C2048&#038;ssl=1\" srcset=\"https:\/\/i0.wp.com\/puycapel.fr\/wp-content\/uploads\/2026\/08\/IMG_8796.jpeg?w=1536&amp;ssl=1 1536w, https:\/\/i0.wp.com\/puycapel.fr\/wp-content\/uploads\/2026\/08\/IMG_8796.jpeg?resize=225%2C300&amp;ssl=1 225w, https:\/\/i0.wp.com\/puycapel.fr\/wp-content\/uploads\/2026\/08\/IMG_8796.jpeg?resize=768%2C1024&amp;ssl=1 768w, https:\/\/i0.wp.com\/puycapel.fr\/wp-content\/uploads\/2026\/08\/IMG_8796.jpeg?resize=1152%2C1536&amp;ssl=1 1152w, https:\/\/i0.wp.com\/puycapel.fr\/wp-content\/uploads\/2026\/08\/IMG_8796.jpeg?resize=1320%2C1760&amp;ssl=1 1320w\" sizes=\"(max-width: 1000px) 100vw, 1000px\" \/><\/figure><\/li><li class=\"wp-block-jetpack-slideshow_slide swiper-slide\"><figure><img data-recalc-dims=\"1\" loading=\"lazy\" decoding=\"async\" width=\"1016\" height=\"773\" alt=\"\" class=\"wp-block-jetpack-slideshow_image wp-image-11581\" data-id=\"11581\" data-aspect-ratio=\"1016 \/ 773\" src=\"https:\/\/i0.wp.com\/puycapel.fr\/wp-content\/uploads\/2026\/08\/visite-vice-president-meunier-1.png?resize=1016%2C773&#038;ssl=1\" srcset=\"https:\/\/i0.wp.com\/puycapel.fr\/wp-content\/uploads\/2026\/08\/visite-vice-president-meunier-1.png?w=1016&amp;ssl=1 1016w, https:\/\/i0.wp.com\/puycapel.fr\/wp-content\/uploads\/2026\/08\/visite-vice-president-meunier-1.png?resize=300%2C228&amp;ssl=1 300w, https:\/\/i0.wp.com\/puycapel.fr\/wp-content\/uploads\/2026\/08\/visite-vice-president-meunier-1.png?resize=768%2C584&amp;ssl=1 768w\" sizes=\"(max-width: 1000px) 100vw, 1000px\" \/><\/figure><\/li><\/ul><a class=\"wp-block-jetpack-slideshow_button-prev swiper-button-prev swiper-button-white\" role=\"button\"><\/a><a class=\"wp-block-jetpack-slideshow_button-next swiper-button-next swiper-button-white\" role=\"button\"><\/a><a aria-label=\"Pause Slideshow\" class=\"wp-block-jetpack-slideshow_button-pause\" role=\"button\"><\/a><div class=\"wp-block-jetpack-slideshow_pagination swiper-pagination swiper-pagination-white\"><\/div><\/div><\/div>\n","protected":false},"excerpt":{"rendered":"<p>Le 30 juillet 2026, visite du vice-pr\u00e9sident de la R\u00e9gion Auvergne Rh\u00f4ne-Alpes, Philippe MEUNIER, dans 4 communes du d\u00e9partement dont Puycapel. Objectif d\u00e9couvrir les projets en cours et \u00e0 venir, soutenus par la R\u00e9gion. La visite s&rsquo;est d\u00e9roul\u00e9e de 9h15 \u00e0 10h30, il a pu d\u00e9couvrir:<\/p>\n","protected":false},"author":2,"featured_media":0,"comment_status":"closed","ping_status":"closed","sticky":false,"template":"","format":"standard","meta":{"_exactmetrics_skip_tracking":false,"_jetpack_newsletter_access":"","_jetpack_dont_email_post_to_subs":false,"_jetpack_newsletter_tier_id":0,"_jetpack_memberships_contains_paywalled_content":false,"_jetpack_feature_clip_id":0,"_jetpack_memberships_contains_paid_content":false,"footnotes":"","jetpack_post_was_ever_published":false},"categories":[28],"tags":[],"class_list":["post-11575","post","type-post","status-publish","format-standard","hentry","category-actuellement"],"jetpack_sharing_enabled":true,"jetpack_shortlink":"https:\/\/wp.me\/paADkW-30H","jetpack-related-posts":[{"id":3500,"url":"https:\/\/puycapel.fr\/index.php\/2021\/01\/30\/angelique-brugeron-conseillere-regionale-en-visite-a-puycapel\/","url_meta":{"origin":11575,"position":0},"title":"Ang\u00e9lique BRUGERON, conseill\u00e8re r\u00e9gionale, en visite \u00e0 PUYCAPEL","author":"Antoine Puech","date":"30 janvier 2021","format":false,"excerpt":"Lors de la commission permanente exceptionnelle qui s\u2019est tenue le 30 d\u00e9cembre dernier \u00e0 Lyon au Conseil r\u00e9gional d\u2019Auvergne, le dossier pr\u00e9sent\u00e9 par la commune, relatif \u00e0 l\u2019am\u00e9nagement de la route d\u00e9partementale 66, de la place Jean de Bonnefon \u00e0 la maison de sant\u00e9, aux maisons r\u00e9alis\u00e9es r\u00e9cemment par POLYGONE,\u2026","rel":"","context":"Dans &quot;Actualit\u00e9s&quot;","block_context":{"text":"Actualit\u00e9s","link":"https:\/\/puycapel.fr\/index.php\/category\/actuellement\/"},"img":{"alt_text":"","src":"https:\/\/i0.wp.com\/puycapel.fr\/wp-content\/uploads\/2021\/01\/Ang%C3%A9lique-Brug%C3%A9ron-%C3%A0-Puycapel.jpg?resize=350%2C200&ssl=1","width":350,"height":200,"srcset":"https:\/\/i0.wp.com\/puycapel.fr\/wp-content\/uploads\/2021\/01\/Ang%C3%A9lique-Brug%C3%A9ron-%C3%A0-Puycapel.jpg?resize=350%2C200&ssl=1 1x, https:\/\/i0.wp.com\/puycapel.fr\/wp-content\/uploads\/2021\/01\/Ang%C3%A9lique-Brug%C3%A9ron-%C3%A0-Puycapel.jpg?resize=525%2C300&ssl=1 1.5x, https:\/\/i0.wp.com\/puycapel.fr\/wp-content\/uploads\/2021\/01\/Ang%C3%A9lique-Brug%C3%A9ron-%C3%A0-Puycapel.jpg?resize=700%2C400&ssl=1 2x, https:\/\/i0.wp.com\/puycapel.fr\/wp-content\/uploads\/2021\/01\/Ang%C3%A9lique-Brug%C3%A9ron-%C3%A0-Puycapel.jpg?resize=1050%2C600&ssl=1 3x, https:\/\/i0.wp.com\/puycapel.fr\/wp-content\/uploads\/2021\/01\/Ang%C3%A9lique-Brug%C3%A9ron-%C3%A0-Puycapel.jpg?resize=1400%2C800&ssl=1 4x"},"classes":[]},{"id":10122,"url":"https:\/\/puycapel.fr\/index.php\/2025\/05\/27\/visite-de-philippe-loos-prefet-du-cantal-a-interlab\/","url_meta":{"origin":11575,"position":1},"title":"Visite de Philippe LOOS, pr\u00e9fet du Cantal \u00e0 Interlab","author":"Mairie Puycapel","date":"27 mai 2025","format":false,"excerpt":"Emmanuel et Jules Jalenques ont re\u00e7u monsieur le Pr\u00e9fet du Cantal vendredi 23 mai 2025, pour sa premi\u00e8re visite \u00e0 l'entreprise INTERLAB. Cr\u00e9dit photo: INTERLAB -de gauche \u00e0 droite- Christophe Douet (directeur g\u00e9n\u00e9ral de la Chambre de commerce et d'industrie du Cantal), Fran\u00e7ois Danemans (maire de Puycapel), Antoine Gimenez, vice-pr\u00e9sident\u2026","rel":"","context":"Dans &quot;Actualit\u00e9s&quot;","block_context":{"text":"Actualit\u00e9s","link":"https:\/\/puycapel.fr\/index.php\/category\/actuellement\/"},"img":{"alt_text":"","src":"https:\/\/i0.wp.com\/puycapel.fr\/wp-content\/uploads\/2025\/05\/IMG_1527.jpg?resize=350%2C200","width":350,"height":200,"srcset":"https:\/\/i0.wp.com\/puycapel.fr\/wp-content\/uploads\/2025\/05\/IMG_1527.jpg?resize=350%2C200 1x, https:\/\/i0.wp.com\/puycapel.fr\/wp-content\/uploads\/2025\/05\/IMG_1527.jpg?resize=525%2C300 1.5x"},"classes":[]},{"id":7417,"url":"https:\/\/puycapel.fr\/index.php\/2022\/10\/07\/visite-a-interlab-du-nouveau-prefet-du-cantal\/","url_meta":{"origin":11575,"position":2},"title":"VISITE A INTERLAB DU NOUVEAU PREFET DU CANTAL","author":"Mairie Puycapel","date":"7 octobre 2022","format":false,"excerpt":"Le 29 septembre, Laurent Buchaillat, nouveau Pr\u00e9fet du Cantal, a visit\u00e9 l'usine Interlab, sous la conduite d'Emmanuel Jalenques. De gauche \u00e0 droite : Annie Plantecoste, vice-pr\u00e9sidente de la Communaut\u00e9 de communes, Fran\u00e7ois Danemans, maire de Puycapel, Laurent Buchaillat, pr\u00e9fet du Cantal, Emmanuel Jalenques, co-dirigeant des soci\u00e9t\u00e9s Interlab et Interscience, Marthe\u2026","rel":"","context":"Dans &quot;Actualit\u00e9s&quot;","block_context":{"text":"Actualit\u00e9s","link":"https:\/\/puycapel.fr\/index.php\/category\/actuellement\/"},"img":{"alt_text":"","src":"https:\/\/i0.wp.com\/puycapel.fr\/wp-content\/uploads\/2022\/10\/VISITE-PREFET.jpg?resize=350%2C200&ssl=1","width":350,"height":200,"srcset":"https:\/\/i0.wp.com\/puycapel.fr\/wp-content\/uploads\/2022\/10\/VISITE-PREFET.jpg?resize=350%2C200&ssl=1 1x, https:\/\/i0.wp.com\/puycapel.fr\/wp-content\/uploads\/2022\/10\/VISITE-PREFET.jpg?resize=525%2C300&ssl=1 1.5x, https:\/\/i0.wp.com\/puycapel.fr\/wp-content\/uploads\/2022\/10\/VISITE-PREFET.jpg?resize=700%2C400&ssl=1 2x, https:\/\/i0.wp.com\/puycapel.fr\/wp-content\/uploads\/2022\/10\/VISITE-PREFET.jpg?resize=1050%2C600&ssl=1 3x"},"classes":[]},{"id":3525,"url":"https:\/\/puycapel.fr\/index.php\/2021\/02\/06\/interlab-accueille-le-prefet-du-cantal-et-la-sous-prefete-a-la-relance\/","url_meta":{"origin":11575,"position":3},"title":"INTERLAB ACCUEILLE LE PREFET DU CANTAL ET LA SOUS-PREFETE A LA RELANCE","author":"Antoine Puech","date":"6 f\u00e9vrier 2021","format":false,"excerpt":"Vendredi 5 f\u00e9vrier 2021, Emmanuel et Jules JALENQUES, co-pr\u00e9sidentsd\u2019INTERLAB, ont re\u00e7u Serge CASTEL, Pr\u00e9fet du Cantal, et C\u00e9cilia MOURGUES, sous-pr\u00e9f\u00e8te \u00e0 la Relance, \u00e0 l\u2019usine INTERLAB, Jalenques, village de Mourjou.Etaient par-ailleurs pr\u00e9sents Ang\u00e9lique BRUGERON, conseill\u00e8re r\u00e9gionale, Michel TEYSSEDOU, Pr\u00e9sident de la Communaut\u00e9 de communes de la Ch\u00e2taigneraie cantalienne, trois vice-pr\u00e9sidents\u2026","rel":"","context":"Dans &quot;Actualit\u00e9s&quot;","block_context":{"text":"Actualit\u00e9s","link":"https:\/\/puycapel.fr\/index.php\/category\/actuellement\/"},"img":{"alt_text":"","src":"https:\/\/i0.wp.com\/puycapel.fr\/wp-content\/uploads\/2021\/02\/interlab1.png?resize=350%2C200&ssl=1","width":350,"height":200},"classes":[]},{"id":3014,"url":"https:\/\/puycapel.fr\/index.php\/2020\/10\/06\/visite-a-interlab-de-serge-castel-prefet-du-cantal\/","url_meta":{"origin":11575,"position":4},"title":"VISITE A INTERLAB DE SERGE CASTEL, PREFET DU CANTAL","author":"Mairie Puycapel","date":"6 octobre 2020","format":false,"excerpt":"Serge CASTEL, nouveau Pr\u00e9fet du Cantal, s'est rendu \u00e0 Mourjou, commune de PUYCAPEL, vendredi 2 octobre 2020. Il a \u00e9t\u00e9 accueilli \u00e0 la mairie de Mourjou par Marthe LAVAISSIERE, premier adjoint, maire d\u00e9l\u00e9gu\u00e9 de Mourjou, et plusieurs conseillers municipaux. Le projet de d\u00e9senclavement routier de l'usine INTERLAB lui a \u00e9t\u00e9\u2026","rel":"","context":"Dans &quot;Actualit\u00e9s&quot;","block_context":{"text":"Actualit\u00e9s","link":"https:\/\/puycapel.fr\/index.php\/category\/actuellement\/"},"img":{"alt_text":"","src":"https:\/\/i0.wp.com\/puycapel.fr\/wp-content\/uploads\/2020\/10\/visite-PREFET-1-scaled.jpg?resize=350%2C200&ssl=1","width":350,"height":200,"srcset":"https:\/\/i0.wp.com\/puycapel.fr\/wp-content\/uploads\/2020\/10\/visite-PREFET-1-scaled.jpg?resize=350%2C200&ssl=1 1x, https:\/\/i0.wp.com\/puycapel.fr\/wp-content\/uploads\/2020\/10\/visite-PREFET-1-scaled.jpg?resize=525%2C300&ssl=1 1.5x, https:\/\/i0.wp.com\/puycapel.fr\/wp-content\/uploads\/2020\/10\/visite-PREFET-1-scaled.jpg?resize=700%2C400&ssl=1 2x, https:\/\/i0.wp.com\/puycapel.fr\/wp-content\/uploads\/2020\/10\/visite-PREFET-1-scaled.jpg?resize=1050%2C600&ssl=1 3x, https:\/\/i0.wp.com\/puycapel.fr\/wp-content\/uploads\/2020\/10\/visite-PREFET-1-scaled.jpg?resize=1400%2C800&ssl=1 4x"},"classes":[]},{"id":1571,"url":"https:\/\/puycapel.fr\/index.php\/2019\/10\/18\/julien-denormandie-ministre-charge-de-la-ville-et-du-logement-aupres-de-la-ministre-de-la-cohesion-des-territoires-et-des-relations-avec-les-collectivites-territoriales-en-visite-a-puycapel-a-l\/","url_meta":{"origin":11575,"position":5},"title":"Julien DENORMANDIE, Ministre charg\u00e9 de la Ville et du Logement aupr\u00e8s de la Ministre de la Coh\u00e9sion des territoires et des relations avec les collectivit\u00e9s territoriales en visite \u00e0 Puycapel, \u00e0 l\u2019usine INTERLAB de Mourjou, le 17 octobre 2019","author":"Antoine Puech","date":"18 octobre 2019","format":false,"excerpt":"Le Ministre, apr\u00e8s avoir inaugur\u00e9 l\u2019h\u00f4tel num\u00e9rique de Montsalvy, a \u00e9t\u00e9 accueilli \u00e0 Puycapel par Fran\u00e7ois DANEMANS, maire, Raymond DELCAMP, maire d\u00e9l\u00e9gu\u00e9 de Mourjou et 1er adjoint au maire, Emmanuel et Jules JALENQUES, g\u00e9rants d\u2019INTERLAB, en pr\u00e9sence notamment de Jacques MEZARD, ancien Ministre, Isabelle SIMA, Pr\u00e9f\u00e8te du Cantal,\u00a0 Josiane COSTES,\u2026","rel":"","context":"Dans &quot;Commune&quot;","block_context":{"text":"Commune","link":"https:\/\/puycapel.fr\/index.php\/category\/commune\/"},"img":{"alt_text":"","src":"https:\/\/i0.wp.com\/puycapel.fr\/wp-content\/uploads\/2019\/10\/IMG_4435-1.jpg?resize=350%2C200","width":350,"height":200,"srcset":"https:\/\/i0.wp.com\/puycapel.fr\/wp-content\/uploads\/2019\/10\/IMG_4435-1.jpg?resize=350%2C200 1x, https:\/\/i0.wp.com\/puycapel.fr\/wp-content\/uploads\/2019\/10\/IMG_4435-1.jpg?resize=525%2C300 1.5x, https:\/\/i0.wp.com\/puycapel.fr\/wp-content\/uploads\/2019\/10\/IMG_4435-1.jpg?resize=700%2C400 2x"},"classes":[]}],"jetpack_featured_media_url":"","_links":{"self":[{"href":"https:\/\/puycapel.fr\/index.php\/wp-json\/wp\/v2\/posts\/11575","targetHints":{"allow":["GET"]}}],"collection":[{"href":"https:\/\/puycapel.fr\/index.php\/wp-json\/wp\/v2\/posts"}],"about":[{"href":"https:\/\/puycapel.fr\/index.php\/wp-json\/wp\/v2\/types\/post"}],"author":[{"embeddable":true,"href":"https:\/\/puycapel.fr\/index.php\/wp-json\/wp\/v2\/users\/2"}],"replies":[{"embeddable":true,"href":"https:\/\/puycapel.fr\/index.php\/wp-json\/wp\/v2\/comments?post=11575"}],"version-history":[{"count":2,"href":"https:\/\/puycapel.fr\/index.php\/wp-json\/wp\/v2\/posts\/11575\/revisions"}],"predecessor-version":[{"id":11583,"href":"https:\/\/puycapel.fr\/index.php\/wp-json\/wp\/v2\/posts\/11575\/revisions\/11583"}],"wp:attachment":[{"href":"https:\/\/puycapel.fr\/index.php\/wp-json\/wp\/v2\/media?parent=11575"}],"wp:term":[{"taxonomy":"category","embeddable":true,"href":"https:\/\/puycapel.fr\/index.php\/wp-json\/wp\/v2\/categories?post=11575"},{"taxonomy":"post_tag","embeddable":true,"href":"https:\/\/puycapel.fr\/index.php\/wp-json\/wp\/v2\/tags?post=11575"}],"curies":[{"name":"wp","href":"https:\/\/api.w.org\/{rel}","templated":true}]}}