{"id":11621,"date":"2026-09-04T08:51:51","date_gmt":"2026-09-04T06:51:51","guid":{"rendered":"https:\/\/puycapel.fr\/?p=11621"},"modified":"2026-09-04T08:51:53","modified_gmt":"2026-09-04T06:51:53","slug":"vivre-en-chataigneraie-nouvelle-activite","status":"publish","type":"post","link":"https:\/\/puycapel.fr\/index.php\/2026\/09\/04\/vivre-en-chataigneraie-nouvelle-activite\/","title":{"rendered":"Vivre en Ch\u00e2taigneraie: nouvelle activit\u00e9"},"content":{"rendered":"\n<div data-wp-interactive=\"core\/file\" class=\"wp-block-file\"><object data-wp-bind--hidden=\"!state.hasPdfPreview\" hidden class=\"wp-block-file__embed\" data=\"https:\/\/puycapel.fr\/wp-content\/uploads\/2026\/09\/20260827151916096.pdf\" type=\"application\/pdf\" style=\"width:100%;height:600px\" aria-label=\"Contenu embarqu\u00e9 20260827151916096.\"><\/object><a id=\"wp-block-file--media-547e5378-4c77-4114-aacd-1683115f09b5\" href=\"https:\/\/puycapel.fr\/wp-content\/uploads\/2026\/09\/20260827151916096.pdf\">20260827151916096<\/a><a href=\"https:\/\/puycapel.fr\/wp-content\/uploads\/2026\/09\/20260827151916096.pdf\" class=\"wp-block-file__button wp-element-button\" download aria-describedby=\"wp-block-file--media-547e5378-4c77-4114-aacd-1683115f09b5\">T\u00e9l\u00e9charger<\/a><\/div>\n","protected":false},"excerpt":{"rendered":"","protected":false},"author":2,"featured_media":0,"comment_status":"closed","ping_status":"closed","sticky":false,"template":"","format":"standard","meta":{"_exactmetrics_skip_tracking":false,"_jetpack_newsletter_access":"","_jetpack_dont_email_post_to_subs":false,"_jetpack_newsletter_tier_id":0,"_jetpack_memberships_contains_paywalled_content":false,"_jetpack_feature_clip_id":0,"_jetpack_memberships_contains_paid_content":false,"footnotes":"","jetpack_post_was_ever_published":false},"categories":[28],"tags":[],"class_list":["post-11621","post","type-post","status-publish","format-standard","hentry","category-actuellement"],"jetpack_sharing_enabled":true,"jetpack_shortlink":"https:\/\/wp.me\/paADkW-31r","jetpack-related-posts":[{"id":9106,"url":"https:\/\/puycapel.fr\/index.php\/2024\/05\/06\/histoire-locale-vivre-en-chataigneraie\/","url_meta":{"origin":11621,"position":0},"title":"HISTOIRE LOCALE &#8211; Vivre en Ch\u00e2taigneraie","author":"Mairie Puycapel","date":"6 mai 2024","format":false,"excerpt":"Affiche-Vivre-en-Chat.-histoire-locale-25.05.2024T\u00e9l\u00e9charger","rel":"","context":"Dans &quot;Actualit\u00e9s&quot;","block_context":{"text":"Actualit\u00e9s","link":"https:\/\/puycapel.fr\/index.php\/category\/actuellement\/"},"img":{"alt_text":"","src":"","width":0,"height":0},"classes":[]},{"id":9463,"url":"https:\/\/puycapel.fr\/index.php\/2024\/09\/16\/vivre-en-chataigneraie-reprise-des-cours-de-danse\/","url_meta":{"origin":11621,"position":1},"title":"Vivre en Ch\u00e2taigneraie : reprise des cours de danse","author":"Mairie Puycapel","date":"16 septembre 2024","format":false,"excerpt":"","rel":"","context":"Dans &quot;Actualit\u00e9s&quot;","block_context":{"text":"Actualit\u00e9s","link":"https:\/\/puycapel.fr\/index.php\/category\/actuellement\/"},"img":{"alt_text":"","src":"https:\/\/i0.wp.com\/puycapel.fr\/wp-content\/uploads\/2024\/09\/affiche-danse_page-0001.jpg?resize=350%2C200&ssl=1","width":350,"height":200,"srcset":"https:\/\/i0.wp.com\/puycapel.fr\/wp-content\/uploads\/2024\/09\/affiche-danse_page-0001.jpg?resize=350%2C200&ssl=1 1x, https:\/\/i0.wp.com\/puycapel.fr\/wp-content\/uploads\/2024\/09\/affiche-danse_page-0001.jpg?resize=525%2C300&ssl=1 1.5x, https:\/\/i0.wp.com\/puycapel.fr\/wp-content\/uploads\/2024\/09\/affiche-danse_page-0001.jpg?resize=700%2C400&ssl=1 2x, https:\/\/i0.wp.com\/puycapel.fr\/wp-content\/uploads\/2024\/09\/affiche-danse_page-0001.jpg?resize=1050%2C600&ssl=1 3x"},"classes":[]},{"id":6443,"url":"https:\/\/puycapel.fr\/index.php\/2022\/03\/02\/assemblee-generale-vivre-en-chataigneraie\/","url_meta":{"origin":11621,"position":2},"title":"Assembl\u00e9e g\u00e9n\u00e9rale Vivre en Ch\u00e2taigneraie","author":"Mairie Puycapel","date":"2 mars 2022","format":false,"excerpt":"affiche-AG-2022T\u00e9l\u00e9charger","rel":"","context":"Dans &quot;Actualit\u00e9s&quot;","block_context":{"text":"Actualit\u00e9s","link":"https:\/\/puycapel.fr\/index.php\/category\/actuellement\/"},"img":{"alt_text":"","src":"","width":0,"height":0},"classes":[]},{"id":8713,"url":"https:\/\/puycapel.fr\/index.php\/2023\/12\/20\/questionnaire-de-vivre-en-chataigneraie\/","url_meta":{"origin":11621,"position":3},"title":"Questionnaire de Vivre en Ch\u00e2taigneraie","author":"Mairie Puycapel","date":"20 d\u00e9cembre 2023","format":false,"excerpt":"L'association propose un sondage afin de recenser les envies, les besoins et qui pourra donner corps \u00e0 de nouveaux projets. A retourner avant le 30 d\u00e9cembre. VECT\u00e9l\u00e9charger","rel":"","context":"Dans &quot;Actualit\u00e9s&quot;","block_context":{"text":"Actualit\u00e9s","link":"https:\/\/puycapel.fr\/index.php\/category\/actuellement\/"},"img":{"alt_text":"","src":"","width":0,"height":0},"classes":[]},{"id":11348,"url":"https:\/\/puycapel.fr\/index.php\/2026\/06\/09\/randonnee-pedestre\/","url_meta":{"origin":11621,"position":4},"title":"Randonn\u00e9e p\u00e9destre","author":"Mairie Puycapel","date":"9 juin 2026","format":false,"excerpt":"Dans le cadre du Salon des Sites Remarquables du Go\u00fbt, l'association Vivre En Ch\u00e2taigneraie propose une randonn\u00e9e p\u00e9destre samedi 13 juin 2026. D\u00e9part \u00e0 9h30 devant la salle d'activit\u00e9s de Mourjou. 8km, accessible \u00e0 tous. Gratuit","rel":"","context":"Dans &quot;Actualit\u00e9s&quot;","block_context":{"text":"Actualit\u00e9s","link":"https:\/\/puycapel.fr\/index.php\/category\/actuellement\/"},"img":{"alt_text":"","src":"","width":0,"height":0},"classes":[]},{"id":7429,"url":"https:\/\/puycapel.fr\/index.php\/2022\/10\/14\/vivre-en-chataigneraie-conduire-toujours\/","url_meta":{"origin":11621,"position":5},"title":"Vivre en Ch\u00e2taigneraie : \u00ab\u00a0Conduire toujours ?\u00a0\u00bb","author":"Antoine Puech","date":"14 octobre 2022","format":false,"excerpt":"Dans le cadre de la semaine des seniors, organis\u00e9 par Vivre en Ch\u00e2taigneraie (EVS, espace de vie sociale), d\u00e9bat et informations sur la conduite automobile \u00e0 tout \u00e2ge ou alternatives... Intervention de V\u00e9ronique Prat (Com Com) sur le transport \u00e0 la demande + infos sur le covoiturage, le r\u00f4le des\u2026","rel":"","context":"Dans &quot;Actualit\u00e9s&quot;","block_context":{"text":"Actualit\u00e9s","link":"https:\/\/puycapel.fr\/index.php\/category\/actuellement\/"},"img":{"alt_text":"","src":"","width":0,"height":0},"classes":[]}],"jetpack_featured_media_url":"","_links":{"self":[{"href":"https:\/\/puycapel.fr\/index.php\/wp-json\/wp\/v2\/posts\/11621","targetHints":{"allow":["GET"]}}],"collection":[{"href":"https:\/\/puycapel.fr\/index.php\/wp-json\/wp\/v2\/posts"}],"about":[{"href":"https:\/\/puycapel.fr\/index.php\/wp-json\/wp\/v2\/types\/post"}],"author":[{"embeddable":true,"href":"https:\/\/puycapel.fr\/index.php\/wp-json\/wp\/v2\/users\/2"}],"replies":[{"embeddable":true,"href":"https:\/\/puycapel.fr\/index.php\/wp-json\/wp\/v2\/comments?post=11621"}],"version-history":[{"count":1,"href":"https:\/\/puycapel.fr\/index.php\/wp-json\/wp\/v2\/posts\/11621\/revisions"}],"predecessor-version":[{"id":11623,"href":"https:\/\/puycapel.fr\/index.php\/wp-json\/wp\/v2\/posts\/11621\/revisions\/11623"}],"wp:attachment":[{"href":"https:\/\/puycapel.fr\/index.php\/wp-json\/wp\/v2\/media?parent=11621"}],"wp:term":[{"taxonomy":"category","embeddable":true,"href":"https:\/\/puycapel.fr\/index.php\/wp-json\/wp\/v2\/categories?post=11621"},{"taxonomy":"post_tag","embeddable":true,"href":"https:\/\/puycapel.fr\/index.php\/wp-json\/wp\/v2\/tags?post=11621"}],"curies":[{"name":"wp","href":"https:\/\/api.w.org\/{rel}","templated":true}]}}