{"id":11624,"date":"2026-09-04T09:23:29","date_gmt":"2026-09-04T07:23:29","guid":{"rendered":"https:\/\/puycapel.fr\/?p=11624"},"modified":"2026-09-04T09:23:30","modified_gmt":"2026-09-04T07:23:30","slug":"atelier-musical","status":"publish","type":"post","link":"https:\/\/puycapel.fr\/index.php\/2026\/09\/04\/atelier-musical\/","title":{"rendered":"Atelier musical!"},"content":{"rendered":"\n<div data-wp-interactive=\"core\/file\" class=\"wp-block-file\"><object data-wp-bind--hidden=\"!state.hasPdfPreview\" hidden class=\"wp-block-file__embed\" data=\"https:\/\/puycapel.fr\/wp-content\/uploads\/2026\/09\/Atelier-Musical.pdf\" type=\"application\/pdf\" style=\"width:100%;height:600px\" aria-label=\"Contenu embarqu\u00e9 Atelier Musical.\"><\/object><a id=\"wp-block-file--media-184f63de-242e-4bd6-812d-c8a1aa0550cc\" href=\"https:\/\/puycapel.fr\/wp-content\/uploads\/2026\/09\/Atelier-Musical.pdf\">Atelier Musical<\/a><a href=\"https:\/\/puycapel.fr\/wp-content\/uploads\/2026\/09\/Atelier-Musical.pdf\" class=\"wp-block-file__button wp-element-button\" download aria-describedby=\"wp-block-file--media-184f63de-242e-4bd6-812d-c8a1aa0550cc\">T\u00e9l\u00e9charger<\/a><\/div>\n","protected":false},"excerpt":{"rendered":"","protected":false},"author":2,"featured_media":0,"comment_status":"closed","ping_status":"closed","sticky":false,"template":"","format":"standard","meta":{"_exactmetrics_skip_tracking":false,"_jetpack_newsletter_access":"","_jetpack_dont_email_post_to_subs":false,"_jetpack_newsletter_tier_id":0,"_jetpack_memberships_contains_paywalled_content":false,"_jetpack_feature_clip_id":0,"_jetpack_memberships_contains_paid_content":false,"footnotes":"","jetpack_post_was_ever_published":false},"categories":[28],"tags":[],"class_list":["post-11624","post","type-post","status-publish","format-standard","hentry","category-actuellement"],"jetpack_sharing_enabled":true,"jetpack_shortlink":"https:\/\/wp.me\/paADkW-31u","jetpack-related-posts":[{"id":8110,"url":"https:\/\/puycapel.fr\/index.php\/2023\/06\/02\/un-jardin-conte\/","url_meta":{"origin":11624,"position":0},"title":"Un jardin cont\u00e9","author":"Mairie Puycapel","date":"2 juin 2023","format":false,"excerpt":"Dans le cadre de l'\u00e9v\u00e9nement national \"Rendez-vous au Jardin\", le Jardin Cont\u00e9 vous propose deux ateliers, samedi 3 juin. 9h : Venez et faites silence... nous \u00e9couterons ensemble les oiseaux\u00a0. L'atelier est anim\u00e9 par Jean-Paul Favre 15h : Atelier d\u00e9cors musicaux et r\u00e9alisation d'appeaux en mat\u00e9riaux naturels. L'atelier est anim\u00e9\u2026","rel":"","context":"Dans &quot;Actualit\u00e9s&quot;","block_context":{"text":"Actualit\u00e9s","link":"https:\/\/puycapel.fr\/index.php\/category\/actuellement\/"},"img":{"alt_text":"","src":"","width":0,"height":0},"classes":[]},{"id":8572,"url":"https:\/\/puycapel.fr\/index.php\/2023\/11\/08\/ateliers-creatifs\/","url_meta":{"origin":11624,"position":1},"title":"Ateliers cr\u00e9atifs","author":"Mairie Puycapel","date":"8 novembre 2023","format":false,"excerpt":"ATELIERS-NOEL-1T\u00e9l\u00e9charger","rel":"","context":"Dans &quot;Actualit\u00e9s&quot;","block_context":{"text":"Actualit\u00e9s","link":"https:\/\/puycapel.fr\/index.php\/category\/actuellement\/"},"img":{"alt_text":"","src":"","width":0,"height":0},"classes":[]},{"id":9428,"url":"https:\/\/puycapel.fr\/index.php\/2024\/09\/05\/ateliers-pour-ados\/","url_meta":{"origin":11624,"position":2},"title":"ATELIERS POUR ADOS","author":"Mairie Puycapel","date":"5 septembre 2024","format":false,"excerpt":"","rel":"","context":"Dans &quot;Actualit\u00e9s&quot;","block_context":{"text":"Actualit\u00e9s","link":"https:\/\/puycapel.fr\/index.php\/category\/actuellement\/"},"img":{"alt_text":"","src":"https:\/\/i0.wp.com\/puycapel.fr\/wp-content\/uploads\/2024\/09\/ATELIERS-ADOS-1.jpeg?resize=350%2C200&ssl=1","width":350,"height":200,"srcset":"https:\/\/i0.wp.com\/puycapel.fr\/wp-content\/uploads\/2024\/09\/ATELIERS-ADOS-1.jpeg?resize=350%2C200&ssl=1 1x, https:\/\/i0.wp.com\/puycapel.fr\/wp-content\/uploads\/2024\/09\/ATELIERS-ADOS-1.jpeg?resize=525%2C300&ssl=1 1.5x, https:\/\/i0.wp.com\/puycapel.fr\/wp-content\/uploads\/2024\/09\/ATELIERS-ADOS-1.jpeg?resize=700%2C400&ssl=1 2x, https:\/\/i0.wp.com\/puycapel.fr\/wp-content\/uploads\/2024\/09\/ATELIERS-ADOS-1.jpeg?resize=1050%2C600&ssl=1 3x"},"classes":[]},{"id":11026,"url":"https:\/\/puycapel.fr\/index.php\/2026\/03\/27\/atelier-compostage\/","url_meta":{"origin":11624,"position":3},"title":"Atelier compostage","author":"Mairie Puycapel","date":"27 mars 2026","format":false,"excerpt":"","rel":"","context":"Dans &quot;Actualit\u00e9s&quot;","block_context":{"text":"Actualit\u00e9s","link":"https:\/\/puycapel.fr\/index.php\/category\/actuellement\/"},"img":{"alt_text":"","src":"https:\/\/i0.wp.com\/puycapel.fr\/wp-content\/uploads\/2026\/03\/PUYCAPEL-2026_page-0001-1-1.jpg?resize=350%2C200&ssl=1","width":350,"height":200,"srcset":"https:\/\/i0.wp.com\/puycapel.fr\/wp-content\/uploads\/2026\/03\/PUYCAPEL-2026_page-0001-1-1.jpg?resize=350%2C200&ssl=1 1x, https:\/\/i0.wp.com\/puycapel.fr\/wp-content\/uploads\/2026\/03\/PUYCAPEL-2026_page-0001-1-1.jpg?resize=525%2C300&ssl=1 1.5x, https:\/\/i0.wp.com\/puycapel.fr\/wp-content\/uploads\/2026\/03\/PUYCAPEL-2026_page-0001-1-1.jpg?resize=700%2C400&ssl=1 2x, https:\/\/i0.wp.com\/puycapel.fr\/wp-content\/uploads\/2026\/03\/PUYCAPEL-2026_page-0001-1-1.jpg?resize=1050%2C600&ssl=1 3x, https:\/\/i0.wp.com\/puycapel.fr\/wp-content\/uploads\/2026\/03\/PUYCAPEL-2026_page-0001-1-1.jpg?resize=1400%2C800&ssl=1 4x"},"classes":[]},{"id":3450,"url":"https:\/\/puycapel.fr\/index.php\/2021\/01\/21\/atelier-informatique\/","url_meta":{"origin":11624,"position":4},"title":"Atelier informatique \u00e0 Montsalvy","author":"Mairie Puycapel","date":"21 janvier 2021","format":false,"excerpt":"","rel":"","context":"Dans &quot;Actualit\u00e9s&quot;","block_context":{"text":"Actualit\u00e9s","link":"https:\/\/puycapel.fr\/index.php\/category\/actuellement\/"},"img":{"alt_text":"","src":"https:\/\/i0.wp.com\/puycapel.fr\/wp-content\/uploads\/2021\/01\/atelier-informatique-scaled.jpg?resize=350%2C200&ssl=1","width":350,"height":200,"srcset":"https:\/\/i0.wp.com\/puycapel.fr\/wp-content\/uploads\/2021\/01\/atelier-informatique-scaled.jpg?resize=350%2C200&ssl=1 1x, https:\/\/i0.wp.com\/puycapel.fr\/wp-content\/uploads\/2021\/01\/atelier-informatique-scaled.jpg?resize=525%2C300&ssl=1 1.5x, https:\/\/i0.wp.com\/puycapel.fr\/wp-content\/uploads\/2021\/01\/atelier-informatique-scaled.jpg?resize=700%2C400&ssl=1 2x, https:\/\/i0.wp.com\/puycapel.fr\/wp-content\/uploads\/2021\/01\/atelier-informatique-scaled.jpg?resize=1050%2C600&ssl=1 3x, https:\/\/i0.wp.com\/puycapel.fr\/wp-content\/uploads\/2021\/01\/atelier-informatique-scaled.jpg?resize=1400%2C800&ssl=1 4x"},"classes":[]},{"id":9799,"url":"https:\/\/puycapel.fr\/index.php\/2025\/02\/19\/atelier-echecs\/","url_meta":{"origin":11624,"position":5},"title":"Vivre en Ch\u00e2taigneraie: Atelier \u00e9checs","author":"Mairie Puycapel","date":"19 f\u00e9vrier 2025","format":false,"excerpt":"","rel":"","context":"Dans &quot;Actualit\u00e9s&quot;","block_context":{"text":"Actualit\u00e9s","link":"https:\/\/puycapel.fr\/index.php\/category\/actuellement\/"},"img":{"alt_text":"","src":"https:\/\/i0.wp.com\/puycapel.fr\/wp-content\/uploads\/2025\/02\/AFFICHE-ATELIER_ECHECS-25_page-0001.jpg?resize=350%2C200&ssl=1","width":350,"height":200,"srcset":"https:\/\/i0.wp.com\/puycapel.fr\/wp-content\/uploads\/2025\/02\/AFFICHE-ATELIER_ECHECS-25_page-0001.jpg?resize=350%2C200&ssl=1 1x, https:\/\/i0.wp.com\/puycapel.fr\/wp-content\/uploads\/2025\/02\/AFFICHE-ATELIER_ECHECS-25_page-0001.jpg?resize=525%2C300&ssl=1 1.5x, https:\/\/i0.wp.com\/puycapel.fr\/wp-content\/uploads\/2025\/02\/AFFICHE-ATELIER_ECHECS-25_page-0001.jpg?resize=700%2C400&ssl=1 2x, https:\/\/i0.wp.com\/puycapel.fr\/wp-content\/uploads\/2025\/02\/AFFICHE-ATELIER_ECHECS-25_page-0001.jpg?resize=1050%2C600&ssl=1 3x"},"classes":[]}],"jetpack_featured_media_url":"","_links":{"self":[{"href":"https:\/\/puycapel.fr\/index.php\/wp-json\/wp\/v2\/posts\/11624","targetHints":{"allow":["GET"]}}],"collection":[{"href":"https:\/\/puycapel.fr\/index.php\/wp-json\/wp\/v2\/posts"}],"about":[{"href":"https:\/\/puycapel.fr\/index.php\/wp-json\/wp\/v2\/types\/post"}],"author":[{"embeddable":true,"href":"https:\/\/puycapel.fr\/index.php\/wp-json\/wp\/v2\/users\/2"}],"replies":[{"embeddable":true,"href":"https:\/\/puycapel.fr\/index.php\/wp-json\/wp\/v2\/comments?post=11624"}],"version-history":[{"count":1,"href":"https:\/\/puycapel.fr\/index.php\/wp-json\/wp\/v2\/posts\/11624\/revisions"}],"predecessor-version":[{"id":11626,"href":"https:\/\/puycapel.fr\/index.php\/wp-json\/wp\/v2\/posts\/11624\/revisions\/11626"}],"wp:attachment":[{"href":"https:\/\/puycapel.fr\/index.php\/wp-json\/wp\/v2\/media?parent=11624"}],"wp:term":[{"taxonomy":"category","embeddable":true,"href":"https:\/\/puycapel.fr\/index.php\/wp-json\/wp\/v2\/categories?post=11624"},{"taxonomy":"post_tag","embeddable":true,"href":"https:\/\/puycapel.fr\/index.php\/wp-json\/wp\/v2\/tags?post=11624"}],"curies":[{"name":"wp","href":"https:\/\/api.w.org\/{rel}","templated":true}]}}