{"id":11627,"date":"2026-09-04T09:38:18","date_gmt":"2026-09-04T07:38:18","guid":{"rendered":"https:\/\/puycapel.fr\/?p=11627"},"modified":"2026-09-04T09:38:19","modified_gmt":"2026-09-04T07:38:19","slug":"retraite-sportive-reprise-de-lactivite-gym","status":"publish","type":"post","link":"https:\/\/puycapel.fr\/index.php\/2026\/09\/04\/retraite-sportive-reprise-de-lactivite-gym\/","title":{"rendered":"Retraite Sportive : reprise de l&rsquo;activit\u00e9 gym"},"content":{"rendered":"\n<div data-wp-interactive=\"core\/file\" class=\"wp-block-file\"><object data-wp-bind--hidden=\"!state.hasPdfPreview\" hidden class=\"wp-block-file__embed\" data=\"https:\/\/puycapel.fr\/wp-content\/uploads\/2026\/09\/affiche-GYM-CALVINET-pdf.pdf\" type=\"application\/pdf\" style=\"width:100%;height:600px\" aria-label=\"Contenu embarqu\u00e9 affiche GYM CALVINET pdf.\"><\/object><a id=\"wp-block-file--media-8d417a3d-4789-481c-9f9b-364269f00973\" href=\"https:\/\/puycapel.fr\/wp-content\/uploads\/2026\/09\/affiche-GYM-CALVINET-pdf.pdf\">affiche GYM CALVINET pdf<\/a><a href=\"https:\/\/puycapel.fr\/wp-content\/uploads\/2026\/09\/affiche-GYM-CALVINET-pdf.pdf\" class=\"wp-block-file__button wp-element-button\" download aria-describedby=\"wp-block-file--media-8d417a3d-4789-481c-9f9b-364269f00973\">T\u00e9l\u00e9charger<\/a><\/div>\n","protected":false},"excerpt":{"rendered":"","protected":false},"author":2,"featured_media":0,"comment_status":"closed","ping_status":"closed","sticky":false,"template":"","format":"standard","meta":{"_exactmetrics_skip_tracking":false,"_jetpack_newsletter_access":"","_jetpack_dont_email_post_to_subs":false,"_jetpack_newsletter_tier_id":0,"_jetpack_memberships_contains_paywalled_content":false,"_jetpack_feature_clip_id":0,"_jetpack_memberships_contains_paid_content":false,"footnotes":"","jetpack_post_was_ever_published":false},"categories":[28],"tags":[],"class_list":["post-11627","post","type-post","status-publish","format-standard","hentry","category-actuellement"],"jetpack_sharing_enabled":true,"jetpack_shortlink":"https:\/\/wp.me\/paADkW-31x","jetpack-related-posts":[{"id":9373,"url":"https:\/\/puycapel.fr\/index.php\/2024\/08\/06\/calvinet-en-fete\/","url_meta":{"origin":11627,"position":0},"title":"Calvinet en f\u00eate : le programme","author":"Antoine Puech","date":"6 ao\u00fbt 2024","format":false,"excerpt":"Affiche-A4-A3-2024T\u00e9l\u00e9charger","rel":"","context":"Dans &quot;Actualit\u00e9s&quot;","block_context":{"text":"Actualit\u00e9s","link":"https:\/\/puycapel.fr\/index.php\/category\/actuellement\/"},"img":{"alt_text":"","src":"https:\/\/i0.wp.com\/puycapel.fr\/wp-content\/uploads\/2024\/08\/image.png?resize=350%2C200&ssl=1","width":350,"height":200},"classes":[]},{"id":6890,"url":"https:\/\/puycapel.fr\/index.php\/2022\/06\/13\/fete-de-lete-a-calvinet\/","url_meta":{"origin":11627,"position":1},"title":"F\u00eate de l&rsquo;\u00e9t\u00e9 \u00e0 Calvinet","author":"Mairie Puycapel","date":"13 juin 2022","format":false,"excerpt":"Affiche-25-juin-CalvinetT\u00e9l\u00e9charger","rel":"","context":"Dans &quot;Actualit\u00e9s&quot;","block_context":{"text":"Actualit\u00e9s","link":"https:\/\/puycapel.fr\/index.php\/category\/actuellement\/"},"img":{"alt_text":"","src":"","width":0,"height":0},"classes":[]},{"id":10514,"url":"https:\/\/puycapel.fr\/index.php\/2025\/11\/06\/las-rapatonadas-salle-des-fetes-de-calvinet\/","url_meta":{"origin":11627,"position":2},"title":"\u00ab\u00a0Las Rapatonadas\u00a0\u00bb : salle des f\u00eates de Calvinet","author":"Mairie Puycapel","date":"6 novembre 2025","format":false,"excerpt":"affiche RapatonadasT\u00e9l\u00e9charger","rel":"","context":"Dans &quot;Actualit\u00e9s&quot;","block_context":{"text":"Actualit\u00e9s","link":"https:\/\/puycapel.fr\/index.php\/category\/actuellement\/"},"img":{"alt_text":"","src":"","width":0,"height":0},"classes":[]},{"id":2500,"url":"https:\/\/puycapel.fr\/index.php\/2020\/05\/15\/chequier-activites-passcantal\/","url_meta":{"origin":11627,"position":3},"title":"Ch\u00e9quier activit\u00e9s PASSCANTAL","author":"Mairie Puycapel","date":"15 mai 2020","format":false,"excerpt":"Le Conseil d\u00e9partemental reconduit le ch\u00e9quier Activit\u00e9s PASSCANTAL en direction des jeunes cantaliens \u00e2g\u00e9s de 3 \u00e0 17 ans. A partir du 15 juin ce ch\u00e9quier de r\u00e9duction sera \u00e0 leur disposition, vendu au prix de 8\u20ac pour une valeur de 100\u20ac (pour des activit\u00e9s culturelles, sportives ou de loisirs\u2026","rel":"","context":"Dans &quot;Actualit\u00e9s&quot;","block_context":{"text":"Actualit\u00e9s","link":"https:\/\/puycapel.fr\/index.php\/category\/actuellement\/"},"img":{"alt_text":"","src":"https:\/\/i0.wp.com\/puycapel.fr\/wp-content\/uploads\/2020\/05\/AFFICHE-PASS-CANTAL.jpg?resize=350%2C200&ssl=1","width":350,"height":200,"srcset":"https:\/\/i0.wp.com\/puycapel.fr\/wp-content\/uploads\/2020\/05\/AFFICHE-PASS-CANTAL.jpg?resize=350%2C200&ssl=1 1x, https:\/\/i0.wp.com\/puycapel.fr\/wp-content\/uploads\/2020\/05\/AFFICHE-PASS-CANTAL.jpg?resize=525%2C300&ssl=1 1.5x"},"classes":[]},{"id":9069,"url":"https:\/\/puycapel.fr\/index.php\/2024\/05\/28\/tennis-club-de-la-chataigneraie-reprise-du-minitennis-a-partir-du-4-mai\/","url_meta":{"origin":11627,"position":4},"title":"Tennis club de la ch\u00e2taigneraie : reprise du minitennis = 4 Mai 10h30","author":"Antoine Puech","date":"28 mai 2024","format":false,"excerpt":"Reprise du minitennis \u00e0 partir du 4 Mai 10h30 au terrain de tennis de Calvinet ! ouvert aux enfants de 5 \u00e0 17 ans","rel":"","context":"Dans &quot;Actualit\u00e9s&quot;","block_context":{"text":"Actualit\u00e9s","link":"https:\/\/puycapel.fr\/index.php\/category\/actuellement\/"},"img":{"alt_text":"","src":"https:\/\/i0.wp.com\/puycapel.fr\/wp-content\/uploads\/2024\/04\/image.png?resize=350%2C200&ssl=1","width":350,"height":200,"srcset":"https:\/\/i0.wp.com\/puycapel.fr\/wp-content\/uploads\/2024\/04\/image.png?resize=350%2C200&ssl=1 1x, https:\/\/i0.wp.com\/puycapel.fr\/wp-content\/uploads\/2024\/04\/image.png?resize=525%2C300&ssl=1 1.5x"},"classes":[]},{"id":7826,"url":"https:\/\/puycapel.fr\/index.php\/2023\/03\/13\/assemblee-generale-de-calvinet-patrimoine\/","url_meta":{"origin":11627,"position":5},"title":"Assembl\u00e9e g\u00e9n\u00e9rale de Calvinet Patrimoine","author":"Mairie Puycapel","date":"13 mars 2023","format":false,"excerpt":"affiche-de-lA-G-patrimoine-mars-2023-20230311_0021-1T\u00e9l\u00e9charger","rel":"","context":"Dans &quot;Actualit\u00e9s&quot;","block_context":{"text":"Actualit\u00e9s","link":"https:\/\/puycapel.fr\/index.php\/category\/actuellement\/"},"img":{"alt_text":"","src":"","width":0,"height":0},"classes":[]}],"jetpack_featured_media_url":"","_links":{"self":[{"href":"https:\/\/puycapel.fr\/index.php\/wp-json\/wp\/v2\/posts\/11627","targetHints":{"allow":["GET"]}}],"collection":[{"href":"https:\/\/puycapel.fr\/index.php\/wp-json\/wp\/v2\/posts"}],"about":[{"href":"https:\/\/puycapel.fr\/index.php\/wp-json\/wp\/v2\/types\/post"}],"author":[{"embeddable":true,"href":"https:\/\/puycapel.fr\/index.php\/wp-json\/wp\/v2\/users\/2"}],"replies":[{"embeddable":true,"href":"https:\/\/puycapel.fr\/index.php\/wp-json\/wp\/v2\/comments?post=11627"}],"version-history":[{"count":1,"href":"https:\/\/puycapel.fr\/index.php\/wp-json\/wp\/v2\/posts\/11627\/revisions"}],"predecessor-version":[{"id":11629,"href":"https:\/\/puycapel.fr\/index.php\/wp-json\/wp\/v2\/posts\/11627\/revisions\/11629"}],"wp:attachment":[{"href":"https:\/\/puycapel.fr\/index.php\/wp-json\/wp\/v2\/media?parent=11627"}],"wp:term":[{"taxonomy":"category","embeddable":true,"href":"https:\/\/puycapel.fr\/index.php\/wp-json\/wp\/v2\/categories?post=11627"},{"taxonomy":"post_tag","embeddable":true,"href":"https:\/\/puycapel.fr\/index.php\/wp-json\/wp\/v2\/tags?post=11627"}],"curies":[{"name":"wp","href":"https:\/\/api.w.org\/{rel}","templated":true}]}}