{"id":1780,"date":"2019-11-28T21:41:06","date_gmt":"2019-11-28T20:41:06","guid":{"rendered":"https:\/\/puycapel.fr\/?p=1780"},"modified":"2019-12-02T21:38:40","modified_gmt":"2019-12-02T20:38:40","slug":"serfouette-echange-de-graines","status":"publish","type":"post","link":"https:\/\/puycapel.fr\/index.php\/2019\/11\/28\/serfouette-echange-de-graines\/","title":{"rendered":"Serfouette : Echange de graines"},"content":{"rendered":"\n<div class=\"wp-block-image\"><figure class=\"aligncenter size-large is-resized\"><img data-recalc-dims=\"1\" loading=\"lazy\" decoding=\"async\" data-attachment-id=\"1782\" data-permalink=\"https:\/\/puycapel.fr\/index.php\/2019\/11\/28\/serfouette-echange-de-graines\/serfouette2\/\" data-orig-file=\"https:\/\/i0.wp.com\/puycapel.fr\/wp-content\/uploads\/2019\/11\/serfouette2.png?fit=300%2C297&amp;ssl=1\" data-orig-size=\"300,297\" data-comments-opened=\"0\" data-image-meta=\"{&quot;aperture&quot;:&quot;0&quot;,&quot;credit&quot;:&quot;&quot;,&quot;camera&quot;:&quot;&quot;,&quot;caption&quot;:&quot;&quot;,&quot;created_timestamp&quot;:&quot;0&quot;,&quot;copyright&quot;:&quot;&quot;,&quot;focal_length&quot;:&quot;0&quot;,&quot;iso&quot;:&quot;0&quot;,&quot;shutter_speed&quot;:&quot;0&quot;,&quot;title&quot;:&quot;&quot;,&quot;orientation&quot;:&quot;0&quot;}\" data-image-title=\"serfouette2\" data-image-description=\"\" data-image-caption=\"\" data-large-file=\"https:\/\/i0.wp.com\/puycapel.fr\/wp-content\/uploads\/2019\/11\/serfouette2.png?fit=300%2C297&amp;ssl=1\" src=\"https:\/\/i0.wp.com\/puycapel.fr\/wp-content\/uploads\/2019\/11\/serfouette2.png?resize=119%2C119&#038;ssl=1\" alt=\"\" class=\"wp-image-1782\" width=\"119\" height=\"119\" srcset=\"https:\/\/i0.wp.com\/puycapel.fr\/wp-content\/uploads\/2019\/11\/serfouette2.png?w=300&amp;ssl=1 300w, https:\/\/i0.wp.com\/puycapel.fr\/wp-content\/uploads\/2019\/11\/serfouette2.png?resize=150%2C150&amp;ssl=1 150w\" sizes=\"auto, (max-width: 119px) 100vw, 119px\" \/><\/figure><\/div>\n\n\n\n<p class=\"has-text-align-center\">A <strong>Puycapel &nbsp;<\/strong>le <strong>Samedi 30 novembre <\/strong>s<strong>ur la place de Calvinet l\u2019association Serfouette propose&nbsp;: <\/strong> <strong>De 14h \u00e0 17h&nbsp;&nbsp; <\/strong><\/p>\n\n\n\n<p class=\"has-text-align-center\"><strong>Bourse d\u2019\u00e9change de graines, boutures,\nplants\u2026<\/strong><\/p>\n\n\n\n<p class=\"has-text-align-center\"><strong>Venez partager vos connaissances et astuces et\n\u00e9changer boutures, graines&#8230;<\/strong><\/p>\n\n\n\n<p class=\"has-text-align-center\"><strong>15h&nbsp;: Atelier \u00a0\u00bb R\u00e9colter\net conserver les&nbsp;graines&nbsp;de son potager&nbsp;\u00ab\u00a0<\/strong><strong>&nbsp;<\/strong><strong><\/strong><\/p>\n\n\n\n<p class=\"has-text-align-center\"><strong>Lancement d\u2019une\n&nbsp;grainoth\u00e8que&nbsp;&nbsp;: &nbsp;&nbsp;<\/strong><\/p>\n\n\n\n<p class=\"has-text-align-center\"><strong>&nbsp; Aidez-nous \u00e0\nl\u2019approvisionner&nbsp;!<\/strong><\/p>\n\n\n\n<p class=\"has-text-align-center\">Afin de recycler et de donner une seconde vie aux objets non\nutilis\u00e9s que nous avons chez nous,&nbsp;<strong>un troc autour de\nla cuisine<\/strong>&nbsp;sera \u00e9galement propos\u00e9 sur la place pour ceux et celles\nqui veulent donner ou&nbsp;\u00e9changer&nbsp;leurs plats,\nmoules \u00e0 g\u00e2teaux, assiettes, bocaux, tasses \u00e0 caf\u00e9, cafeti\u00e8re et autres\naccessoires ou ustensiles en lien avec la cuisine.<\/p>\n\n\n\n<p class=\"has-text-align-center\">Manifestation gratuite et ouverte \u00e0 tous&nbsp;!<strong><\/strong><\/p>\n\n\n\n<div class=\"wp-block-image\"><figure class=\"aligncenter size-large\"><img data-recalc-dims=\"1\" loading=\"lazy\" decoding=\"async\" width=\"219\" height=\"230\" data-attachment-id=\"1781\" data-permalink=\"https:\/\/puycapel.fr\/index.php\/2019\/11\/28\/serfouette-echange-de-graines\/serfouette1\/\" data-orig-file=\"https:\/\/i0.wp.com\/puycapel.fr\/wp-content\/uploads\/2019\/11\/serfouette1.png?fit=219%2C230&amp;ssl=1\" data-orig-size=\"219,230\" data-comments-opened=\"0\" data-image-meta=\"{&quot;aperture&quot;:&quot;0&quot;,&quot;credit&quot;:&quot;&quot;,&quot;camera&quot;:&quot;&quot;,&quot;caption&quot;:&quot;&quot;,&quot;created_timestamp&quot;:&quot;0&quot;,&quot;copyright&quot;:&quot;&quot;,&quot;focal_length&quot;:&quot;0&quot;,&quot;iso&quot;:&quot;0&quot;,&quot;shutter_speed&quot;:&quot;0&quot;,&quot;title&quot;:&quot;&quot;,&quot;orientation&quot;:&quot;0&quot;}\" data-image-title=\"serfouette1\" data-image-description=\"\" data-image-caption=\"\" data-large-file=\"https:\/\/i0.wp.com\/puycapel.fr\/wp-content\/uploads\/2019\/11\/serfouette1.png?fit=219%2C230&amp;ssl=1\" src=\"https:\/\/i0.wp.com\/puycapel.fr\/wp-content\/uploads\/2019\/11\/serfouette1.png?resize=219%2C230&#038;ssl=1\" alt=\"\" class=\"wp-image-1781\"\/><\/figure><\/div>\n\n\n\n<figure class=\"wp-block-image size-large\"><img data-recalc-dims=\"1\" loading=\"lazy\" decoding=\"async\" width=\"549\" height=\"750\" data-attachment-id=\"1783\" data-permalink=\"https:\/\/puycapel.fr\/index.php\/2019\/11\/28\/serfouette-echange-de-graines\/affiche-echange\/\" data-orig-file=\"https:\/\/i0.wp.com\/puycapel.fr\/wp-content\/uploads\/2019\/11\/affiche-echange.jpg?fit=549%2C750&amp;ssl=1\" data-orig-size=\"549,750\" data-comments-opened=\"0\" data-image-meta=\"{&quot;aperture&quot;:&quot;0&quot;,&quot;credit&quot;:&quot;antoine puech&quot;,&quot;camera&quot;:&quot;&quot;,&quot;caption&quot;:&quot;&quot;,&quot;created_timestamp&quot;:&quot;1574976936&quot;,&quot;copyright&quot;:&quot;&quot;,&quot;focal_length&quot;:&quot;0&quot;,&quot;iso&quot;:&quot;0&quot;,&quot;shutter_speed&quot;:&quot;0&quot;,&quot;title&quot;:&quot;&quot;,&quot;orientation&quot;:&quot;0&quot;}\" data-image-title=\"affiche-echange\" data-image-description=\"\" data-image-caption=\"\" data-large-file=\"https:\/\/i0.wp.com\/puycapel.fr\/wp-content\/uploads\/2019\/11\/affiche-echange.jpg?fit=549%2C750&amp;ssl=1\" src=\"https:\/\/i0.wp.com\/puycapel.fr\/wp-content\/uploads\/2019\/11\/affiche-echange.jpg?resize=549%2C750&#038;ssl=1\" alt=\"\" class=\"wp-image-1783\" srcset=\"https:\/\/i0.wp.com\/puycapel.fr\/wp-content\/uploads\/2019\/11\/affiche-echange.jpg?w=549&amp;ssl=1 549w, https:\/\/i0.wp.com\/puycapel.fr\/wp-content\/uploads\/2019\/11\/affiche-echange.jpg?resize=220%2C300&amp;ssl=1 220w\" sizes=\"auto, (max-width: 549px) 100vw, 549px\" \/><\/figure>\n","protected":false},"excerpt":{"rendered":"<p>A Puycapel &nbsp;le Samedi 30 novembre sur la place de Calvinet l\u2019association Serfouette propose&nbsp;: De 14h \u00e0 17h&nbsp;&nbsp; Bourse d\u2019\u00e9change de graines, boutures, plants\u2026 Venez partager vos connaissances et astuces et \u00e9changer boutures, graines&#8230; 15h&nbsp;: Atelier \u00a0\u00bb R\u00e9colter et conserver les&nbsp;graines&nbsp;de son potager&nbsp;\u00ab\u00a0&nbsp; Lancement d\u2019une &nbsp;grainoth\u00e8que&nbsp;&nbsp;: &nbsp;&nbsp; &nbsp; Aidez-nous \u00e0 l\u2019approvisionner&nbsp;! Afin de recycler et [&hellip;]<\/p>\n","protected":false},"author":3,"featured_media":0,"comment_status":"closed","ping_status":"closed","sticky":false,"template":"","format":"standard","meta":{"_exactmetrics_skip_tracking":false,"_exactmetrics_sitenote_active":false,"_exactmetrics_sitenote_note":"","_exactmetrics_sitenote_category":0,"jetpack_post_was_ever_published":false,"_jetpack_newsletter_access":"","_jetpack_dont_email_post_to_subs":false,"_jetpack_newsletter_tier_id":0,"_jetpack_memberships_contains_paywalled_content":false,"_jetpack_memberships_contains_paid_content":false,"footnotes":""},"categories":[5,13],"tags":[],"class_list":["post-1780","post","type-post","status-publish","format-standard","hentry","category-associations","category-serfouette"],"jetpack_featured_media_url":"","jetpack_sharing_enabled":true,"jetpack_shortlink":"https:\/\/wp.me\/paADkW-sI","jetpack-related-posts":[{"id":882,"url":"https:\/\/puycapel.fr\/index.php\/2019\/04\/28\/serfouette-bourse-dechange-de-plants-et-de-graines\/","url_meta":{"origin":1780,"position":0},"title":"Serfouette : Bourse d\u2019\u00e9change de plants et de graines","author":"Antoine Puech","date":"28 avril 2019","format":false,"excerpt":"Bourse d\u2019\u00e9change de plants et de graines Vente de pizzas et tartes vari\u00e9es cuites au feu de bois le week end prochain \u00e0 Calvinet","rel":"","context":"Dans &quot;Associations&quot;","block_context":{"text":"Associations","link":"https:\/\/puycapel.fr\/index.php\/category\/associations\/"},"img":{"alt_text":"","src":"","width":0,"height":0},"classes":[]},{"id":8041,"url":"https:\/\/puycapel.fr\/index.php\/2023\/05\/09\/serfouette-troc-de-plants-graines-boutures-dimanche-14-mai-2023\/","url_meta":{"origin":1780,"position":1},"title":"Serfouette : troc de plants, graines, boutures : Dimanche 14 Mai 2023","author":"Antoine Puech","date":"9 mai 2023","format":false,"excerpt":"Calvinet-Puycapel Dimanche 14 MAI 2023L\u2019association Serfouette organise son troc de plants, graines, boutures\u2026Rendez-vous au local de Serfouette, devant l\u2019\u00e9cole de Calvinet, de 10 h \u00e0 12 hLe principe est simple : chacun est invit\u00e9 \u00e0 amener plants, boutures, graines, boutures\u2026pour les \u00e9changer.Si vous n\u2019avez rien \u00e0 \u00e9changer, venez quand m\u00eame\u2026","rel":"","context":"Dans &quot;Actualit\u00e9s&quot;","block_context":{"text":"Actualit\u00e9s","link":"https:\/\/puycapel.fr\/index.php\/category\/actuellement\/"},"img":{"alt_text":"","src":"https:\/\/i0.wp.com\/puycapel.fr\/wp-content\/uploads\/2023\/05\/image.png?resize=350%2C200&ssl=1","width":350,"height":200},"classes":[]},{"id":6005,"url":"https:\/\/puycapel.fr\/index.php\/2021\/11\/10\/serfouette-bourse-dechange-dautomne\/","url_meta":{"origin":1780,"position":2},"title":"Serfouette : Bourse d\u2019\u00e9change d\u2019automne","author":"Antoine Puech","date":"10 novembre 2021","format":false,"excerpt":"Dimanche 14 novembre sur la place du village de Calvinet 10h\/12hBourse d\u2019\u00e9change d\u2019automneVous avez des boutures, des plants \u00e0 repiquer, des plantes vivaces ou annuelles, des graines\u2026Venez les \u00e9changer !Si vous n\u2019avez rien, venez quand m\u00eame partager vos connaissances et astuces de jardinier !Animation gratuite propos\u00e9e par l\u2019association Serfouette, en\u2026","rel":"","context":"Dans &quot;Actualit\u00e9s&quot;","block_context":{"text":"Actualit\u00e9s","link":"https:\/\/puycapel.fr\/index.php\/category\/actuellement\/"},"img":{"alt_text":"","src":"https:\/\/i0.wp.com\/puycapel.fr\/wp-content\/uploads\/2021\/11\/image.png?resize=350%2C200&ssl=1","width":350,"height":200,"srcset":"https:\/\/i0.wp.com\/puycapel.fr\/wp-content\/uploads\/2021\/11\/image.png?resize=350%2C200&ssl=1 1x, https:\/\/i0.wp.com\/puycapel.fr\/wp-content\/uploads\/2021\/11\/image.png?resize=525%2C300&ssl=1 1.5x"},"classes":[]},{"id":3792,"url":"https:\/\/puycapel.fr\/index.php\/2021\/04\/07\/serfouette-toujours-en-action\/","url_meta":{"origin":1780,"position":3},"title":"Serfouette toujours en action","author":"Mairie Puycapel","date":"7 avril 2021","format":false,"excerpt":"Serfouette poursuit son action \"z\u00e9ro d\u00e9chet\" en offrant des poules \u00e0 celles et ceux qui s'engagent \u00e0 r\u00e9duire leurs d\u00e9chets. La communaut\u00e9 de communes qui devait nous fournir des composteurs est en rupture de stock. Nous nous renseignons pour essayer de trouver une solution de remplacement.. Un atelier autour du\u2026","rel":"","context":"Dans &quot;Actualit\u00e9s&quot;","block_context":{"text":"Actualit\u00e9s","link":"https:\/\/puycapel.fr\/index.php\/category\/actuellement\/"},"img":{"alt_text":"","src":"","width":0,"height":0},"classes":[]},{"id":3921,"url":"https:\/\/puycapel.fr\/index.php\/2021\/04\/23\/23-april-2021-1831\/","url_meta":{"origin":1780,"position":4},"title":"SERFOUETTE : Compostage collectif","author":"Antoine Puech","date":"23 avril 2021","format":false,"excerpt":"L'association Serfouette propose un temps d'\u00e9change avec les habitants qui le souhaitent autour du compostage collectif le samedi 24 avril \u00e0 14h devant la salle des associations de Calvinet Plusieurs composteurs collectifs sont mis \u00e0 votre disposition par l'association : \u00c0 c\u00f4t\u00e9 de la cantine de l' \u00e9cole de Calvinet\u00a0derri\u00e8re\u2026","rel":"","context":"Dans &quot;Actualit\u00e9s&quot;","block_context":{"text":"Actualit\u00e9s","link":"https:\/\/puycapel.fr\/index.php\/category\/actuellement\/"},"img":{"alt_text":"","src":"","width":0,"height":0},"classes":[]},{"id":9036,"url":"https:\/\/puycapel.fr\/index.php\/2024\/04\/05\/serfouette-demonstration-broyeur-de-vegetaux\/","url_meta":{"origin":1780,"position":5},"title":"Serfouette : d\u00e9monstration broyeur de v\u00e9g\u00e9taux","author":"Antoine Puech","date":"5 avril 2024","format":false,"excerpt":"L'association Serfouette propose une d\u00e9monstration du broyeur de v\u00e9g\u00e9taux samedi 6 avril \u00e0 Calvinet. Rendez-vous devant la salle des associations \u00e0 14h. Suivra l'Assembl\u00e9e g\u00e9n\u00e9rale de l'association \u00e0 15h, \u00e0 la salle des associations de Calvinet (sous la mairie) Animation ouverte \u00e0 tous!","rel":"","context":"Dans &quot;Actualit\u00e9s&quot;","block_context":{"text":"Actualit\u00e9s","link":"https:\/\/puycapel.fr\/index.php\/category\/actuellement\/"},"img":{"alt_text":"","src":"","width":0,"height":0},"classes":[]}],"_links":{"self":[{"href":"https:\/\/puycapel.fr\/index.php\/wp-json\/wp\/v2\/posts\/1780","targetHints":{"allow":["GET"]}}],"collection":[{"href":"https:\/\/puycapel.fr\/index.php\/wp-json\/wp\/v2\/posts"}],"about":[{"href":"https:\/\/puycapel.fr\/index.php\/wp-json\/wp\/v2\/types\/post"}],"author":[{"embeddable":true,"href":"https:\/\/puycapel.fr\/index.php\/wp-json\/wp\/v2\/users\/3"}],"replies":[{"embeddable":true,"href":"https:\/\/puycapel.fr\/index.php\/wp-json\/wp\/v2\/comments?post=1780"}],"version-history":[{"count":2,"href":"https:\/\/puycapel.fr\/index.php\/wp-json\/wp\/v2\/posts\/1780\/revisions"}],"predecessor-version":[{"id":1843,"href":"https:\/\/puycapel.fr\/index.php\/wp-json\/wp\/v2\/posts\/1780\/revisions\/1843"}],"wp:attachment":[{"href":"https:\/\/puycapel.fr\/index.php\/wp-json\/wp\/v2\/media?parent=1780"}],"wp:term":[{"taxonomy":"category","embeddable":true,"href":"https:\/\/puycapel.fr\/index.php\/wp-json\/wp\/v2\/categories?post=1780"},{"taxonomy":"post_tag","embeddable":true,"href":"https:\/\/puycapel.fr\/index.php\/wp-json\/wp\/v2\/tags?post=1780"}],"curies":[{"name":"wp","href":"https:\/\/api.w.org\/{rel}","templated":true}]}}