{"id":2521,"date":"2020-05-23T18:21:41","date_gmt":"2020-05-23T16:21:41","guid":{"rendered":"https:\/\/puycapel.fr\/?p=2521"},"modified":"2020-05-23T18:26:35","modified_gmt":"2020-05-23T16:26:35","slug":"conseil-municipal-dinstallation","status":"publish","type":"post","link":"https:\/\/puycapel.fr\/index.php\/2020\/05\/23\/conseil-municipal-dinstallation\/","title":{"rendered":"CONSEIL MUNICIPAL D&rsquo;INSTALLATION"},"content":{"rendered":"\n<p>Le conseil d&rsquo;installation de la commune de PUYCAPEL s&rsquo;est tenu samedi 23 mai 2020 \u00e0 la salle des f\u00eates de Calvinet et non \u00e0 la mairie, par d\u00e9rogation, compte-tenu de la crise sanitaire.<br>Est reproduit ci-joint le tableau officiel du conseil municipal de la mandature 2020-2026.<\/p>\n\n\n\n<div class=\"wp-block-file\"><a href=\"https:\/\/puycapel.fr\/wp-content\/uploads\/2020\/05\/TABLEAU-DU-CONSEIL-MUNICIPAL-2020-2026.pdf\">TABLEAU-DU-CONSEIL-MUNICIPAL-2020-2026<\/a><a href=\"https:\/\/puycapel.fr\/wp-content\/uploads\/2020\/05\/TABLEAU-DU-CONSEIL-MUNICIPAL-2020-2026.pdf\" class=\"wp-block-file__button\" download>T\u00e9l\u00e9charger<\/a><\/div>\n","protected":false},"excerpt":{"rendered":"<p>Le conseil d&rsquo;installation de la commune de PUYCAPEL s&rsquo;est tenu samedi 23 mai 2020 \u00e0 la salle des f\u00eates de Calvinet et non \u00e0 la mairie, par d\u00e9rogation, compte-tenu de la crise sanitaire.Est reproduit ci-joint le tableau officiel du conseil municipal de la mandature 2020-2026.<\/p>\n","protected":false},"author":3,"featured_media":0,"comment_status":"closed","ping_status":"closed","sticky":false,"template":"","format":"standard","meta":{"_exactmetrics_skip_tracking":false,"_exactmetrics_sitenote_active":false,"_exactmetrics_sitenote_note":"","_exactmetrics_sitenote_category":0,"jetpack_post_was_ever_published":false,"_jetpack_newsletter_access":"","_jetpack_dont_email_post_to_subs":false,"_jetpack_newsletter_tier_id":0,"_jetpack_memberships_contains_paywalled_content":false,"_jetpack_memberships_contains_paid_content":false,"footnotes":""},"categories":[28],"tags":[],"class_list":["post-2521","post","type-post","status-publish","format-standard","hentry","category-actuellement"],"jetpack_featured_media_url":"","jetpack_sharing_enabled":true,"jetpack_shortlink":"https:\/\/wp.me\/paADkW-EF","jetpack-related-posts":[{"id":2680,"url":"https:\/\/puycapel.fr\/index.php\/2020\/07\/07\/compte-rendu-de-conseil-municipal-du-05-juin-2020\/","url_meta":{"origin":2521,"position":0},"title":"Compte rendu de Conseil Municipal du 05 juin 2020","author":"Mairie Puycapel","date":"7 juillet 2020","format":false,"excerpt":"CR-CONSEIL-MUNICIPAL-05-JUIN-2020T\u00e9l\u00e9charger","rel":"","context":"Dans &quot;Comptes rendus du conseil municipal&quot;","block_context":{"text":"Comptes rendus du conseil municipal","link":"https:\/\/puycapel.fr\/index.php\/category\/commune\/cr-conseil-municipal\/"},"img":{"alt_text":"","src":"","width":0,"height":0},"classes":[]},{"id":3197,"url":"https:\/\/puycapel.fr\/index.php\/2020\/11\/12\/compte-rendu-du-conseil-municipal-du-25-septembre-2020\/","url_meta":{"origin":2521,"position":1},"title":"Compte rendu du conseil municipal du 25 septembre 2020","author":"Mairie Puycapel","date":"12 novembre 2020","format":false,"excerpt":"CRCM-DU-25-09-2020-1T\u00e9l\u00e9charger","rel":"","context":"Dans &quot;Comptes rendus du conseil municipal&quot;","block_context":{"text":"Comptes rendus du conseil municipal","link":"https:\/\/puycapel.fr\/index.php\/category\/commune\/cr-conseil-municipal\/"},"img":{"alt_text":"","src":"","width":0,"height":0},"classes":[]},{"id":3320,"url":"https:\/\/puycapel.fr\/index.php\/2020\/12\/15\/compte-rendu-du-conseil-municipal-du-06-novembre-2020\/","url_meta":{"origin":2521,"position":2},"title":"Compte rendu du conseil municipal du 06 novembre 2020","author":"Mairie Puycapel","date":"15 d\u00e9cembre 2020","format":false,"excerpt":"compte rendu CM 06 11 2020","rel":"","context":"Dans &quot;Comptes rendus du conseil municipal&quot;","block_context":{"text":"Comptes rendus du conseil municipal","link":"https:\/\/puycapel.fr\/index.php\/category\/commune\/cr-conseil-municipal\/"},"img":{"alt_text":"","src":"","width":0,"height":0},"classes":[]},{"id":2209,"url":"https:\/\/puycapel.fr\/index.php\/2020\/03\/03\/compte-rendu-de-conseil-municipal-du-23-janvier-2020\/","url_meta":{"origin":2521,"position":3},"title":"Compte rendu de conseil municipal du 23 janvier 2020","author":"Mairie Puycapel","date":"3 mars 2020","format":false,"excerpt":"compte-rendu-23-01-20T\u00e9l\u00e9charger","rel":"","context":"Dans &quot;Comptes rendus du conseil municipal&quot;","block_context":{"text":"Comptes rendus du conseil municipal","link":"https:\/\/puycapel.fr\/index.php\/category\/commune\/cr-conseil-municipal\/"},"img":{"alt_text":"","src":"","width":0,"height":0},"classes":[]},{"id":2599,"url":"https:\/\/puycapel.fr\/index.php\/2020\/06\/12\/compte-rendu-de-conseil-municipal-du-23-mai-2020\/","url_meta":{"origin":2521,"position":4},"title":"Compte rendu de conseil municipal du  23 mai 2020","author":"Mairie Puycapel","date":"12 juin 2020","format":false,"excerpt":"COMPTE-RENDU-CM-23-05T\u00e9l\u00e9charger","rel":"","context":"Dans &quot;Comptes rendus du conseil municipal&quot;","block_context":{"text":"Comptes rendus du conseil municipal","link":"https:\/\/puycapel.fr\/index.php\/category\/commune\/cr-conseil-municipal\/"},"img":{"alt_text":"","src":"","width":0,"height":0},"classes":[]},{"id":3000,"url":"https:\/\/puycapel.fr\/index.php\/2020\/10\/02\/compte-rendu-de-conseil-municipal-du-04-septembre\/","url_meta":{"origin":2521,"position":5},"title":"Compte rendu de conseil municipal du 04 septembre","author":"Mairie Puycapel","date":"2 octobre 2020","format":false,"excerpt":"CRCM-DU-04-09-2020-1T\u00e9l\u00e9charger","rel":"","context":"Dans &quot;Comptes rendus du conseil municipal&quot;","block_context":{"text":"Comptes rendus du conseil municipal","link":"https:\/\/puycapel.fr\/index.php\/category\/commune\/cr-conseil-municipal\/"},"img":{"alt_text":"","src":"","width":0,"height":0},"classes":[]}],"_links":{"self":[{"href":"https:\/\/puycapel.fr\/index.php\/wp-json\/wp\/v2\/posts\/2521","targetHints":{"allow":["GET"]}}],"collection":[{"href":"https:\/\/puycapel.fr\/index.php\/wp-json\/wp\/v2\/posts"}],"about":[{"href":"https:\/\/puycapel.fr\/index.php\/wp-json\/wp\/v2\/types\/post"}],"author":[{"embeddable":true,"href":"https:\/\/puycapel.fr\/index.php\/wp-json\/wp\/v2\/users\/3"}],"replies":[{"embeddable":true,"href":"https:\/\/puycapel.fr\/index.php\/wp-json\/wp\/v2\/comments?post=2521"}],"version-history":[{"count":1,"href":"https:\/\/puycapel.fr\/index.php\/wp-json\/wp\/v2\/posts\/2521\/revisions"}],"predecessor-version":[{"id":2523,"href":"https:\/\/puycapel.fr\/index.php\/wp-json\/wp\/v2\/posts\/2521\/revisions\/2523"}],"wp:attachment":[{"href":"https:\/\/puycapel.fr\/index.php\/wp-json\/wp\/v2\/media?parent=2521"}],"wp:term":[{"taxonomy":"category","embeddable":true,"href":"https:\/\/puycapel.fr\/index.php\/wp-json\/wp\/v2\/categories?post=2521"},{"taxonomy":"post_tag","embeddable":true,"href":"https:\/\/puycapel.fr\/index.php\/wp-json\/wp\/v2\/tags?post=2521"}],"curies":[{"name":"wp","href":"https:\/\/api.w.org\/{rel}","templated":true}]}}