{"id":2680,"date":"2020-07-07T12:04:21","date_gmt":"2020-07-07T10:04:21","guid":{"rendered":"https:\/\/puycapel.fr\/?p=2680"},"modified":"2020-07-07T12:04:21","modified_gmt":"2020-07-07T10:04:21","slug":"compte-rendu-de-conseil-municipal-du-05-juin-2020","status":"publish","type":"post","link":"https:\/\/puycapel.fr\/index.php\/2020\/07\/07\/compte-rendu-de-conseil-municipal-du-05-juin-2020\/","title":{"rendered":"Compte rendu de Conseil Municipal du 05 juin 2020"},"content":{"rendered":"\n<div class=\"wp-block-file\"><a href=\"https:\/\/puycapel.fr\/wp-content\/uploads\/2020\/07\/CR-CONSEIL-MUNICIPAL-05-JUIN-2020.pdf\">CR-CONSEIL-MUNICIPAL-05-JUIN-2020<\/a><a href=\"https:\/\/puycapel.fr\/wp-content\/uploads\/2020\/07\/CR-CONSEIL-MUNICIPAL-05-JUIN-2020.pdf\" class=\"wp-block-file__button\" download>T\u00e9l\u00e9charger<\/a><\/div>\n","protected":false},"excerpt":{"rendered":"","protected":false},"author":2,"featured_media":0,"comment_status":"closed","ping_status":"closed","sticky":false,"template":"","format":"standard","meta":{"_exactmetrics_skip_tracking":false,"_exactmetrics_sitenote_active":false,"_exactmetrics_sitenote_note":"","_exactmetrics_sitenote_category":0,"jetpack_post_was_ever_published":false,"_jetpack_newsletter_access":"","_jetpack_dont_email_post_to_subs":false,"_jetpack_newsletter_tier_id":0,"_jetpack_memberships_contains_paywalled_content":false,"_jetpack_memberships_contains_paid_content":false,"footnotes":""},"categories":[29],"tags":[],"class_list":["post-2680","post","type-post","status-publish","format-standard","hentry","category-cr-conseil-municipal"],"jetpack_featured_media_url":"","jetpack_sharing_enabled":true,"jetpack_shortlink":"https:\/\/wp.me\/paADkW-He","jetpack-related-posts":[{"id":5698,"url":"https:\/\/puycapel.fr\/index.php\/2021\/08\/27\/compte-rendu-conseil-municipal-du-25-juin-2021\/","url_meta":{"origin":2680,"position":0},"title":"Compte rendu conseil municipal du 25 juin 2021","author":"Mairie Puycapel","date":"27 ao\u00fbt 2021","format":false,"excerpt":"CR-CM-25-06-2021-2T\u00e9l\u00e9charger","rel":"","context":"Dans &quot;Comptes rendus du conseil municipal&quot;","block_context":{"text":"Comptes rendus du conseil municipal","link":"https:\/\/puycapel.fr\/index.php\/category\/commune\/cr-conseil-municipal\/"},"img":{"alt_text":"","src":"","width":0,"height":0},"classes":[]},{"id":2514,"url":"https:\/\/puycapel.fr\/index.php\/2020\/05\/20\/compte-rendu-de-conseil-municipal-du-28-fevrier\/","url_meta":{"origin":2680,"position":1},"title":"Compte rendu de conseil municipal du 28 f\u00e9vrier","author":"Mairie Puycapel","date":"20 mai 2020","format":false,"excerpt":"Cpte-Rendu-CM-du-28-FEVRIER-2020T\u00e9l\u00e9charger","rel":"","context":"Dans &quot;Comptes rendus du conseil municipal&quot;","block_context":{"text":"Comptes rendus du conseil municipal","link":"https:\/\/puycapel.fr\/index.php\/category\/commune\/cr-conseil-municipal\/"},"img":{"alt_text":"","src":"","width":0,"height":0},"classes":[]},{"id":1399,"url":"https:\/\/puycapel.fr\/index.php\/2019\/08\/21\/compte-rendu-de-conseil-municipal-du-14-juin-2019\/","url_meta":{"origin":2680,"position":2},"title":"Compte rendu de conseil Municipal du 14 Juin 2019","author":"Antoine Puech","date":"21 ao\u00fbt 2019","format":false,"excerpt":"compte-rendu-CM-Puycapel-14-06-2019T\u00e9l\u00e9charger","rel":"","context":"Dans &quot;Commune&quot;","block_context":{"text":"Commune","link":"https:\/\/puycapel.fr\/index.php\/category\/commune\/"},"img":{"alt_text":"","src":"","width":0,"height":0},"classes":[]},{"id":2599,"url":"https:\/\/puycapel.fr\/index.php\/2020\/06\/12\/compte-rendu-de-conseil-municipal-du-23-mai-2020\/","url_meta":{"origin":2680,"position":3},"title":"Compte rendu de conseil municipal du  23 mai 2020","author":"Mairie Puycapel","date":"12 juin 2020","format":false,"excerpt":"COMPTE-RENDU-CM-23-05T\u00e9l\u00e9charger","rel":"","context":"Dans &quot;Comptes rendus du conseil municipal&quot;","block_context":{"text":"Comptes rendus du conseil municipal","link":"https:\/\/puycapel.fr\/index.php\/category\/commune\/cr-conseil-municipal\/"},"img":{"alt_text":"","src":"","width":0,"height":0},"classes":[]},{"id":8337,"url":"https:\/\/puycapel.fr\/index.php\/2023\/08\/04\/compte-rendu-cm-16-juin\/","url_meta":{"origin":2680,"position":4},"title":"Compte-rendu CM 16 juin 2023","author":"Mairie Puycapel","date":"4 ao\u00fbt 2023","format":false,"excerpt":"CR-CM-16-JUIN-23T\u00e9l\u00e9charger","rel":"","context":"Dans &quot;Comptes rendus du conseil municipal&quot;","block_context":{"text":"Comptes rendus du conseil municipal","link":"https:\/\/puycapel.fr\/index.php\/category\/commune\/cr-conseil-municipal\/"},"img":{"alt_text":"","src":"","width":0,"height":0},"classes":[]},{"id":7355,"url":"https:\/\/puycapel.fr\/index.php\/2022\/09\/23\/compte-rendu-cm-du-03-juin-2022\/","url_meta":{"origin":2680,"position":5},"title":"Compte rendu CM du 03 juin 2022","author":"Mairie Puycapel","date":"23 septembre 2022","format":false,"excerpt":"CR-CM-03-06-22T\u00e9l\u00e9charger","rel":"","context":"Dans &quot;Comptes rendus du conseil municipal&quot;","block_context":{"text":"Comptes rendus du conseil municipal","link":"https:\/\/puycapel.fr\/index.php\/category\/commune\/cr-conseil-municipal\/"},"img":{"alt_text":"","src":"","width":0,"height":0},"classes":[]}],"_links":{"self":[{"href":"https:\/\/puycapel.fr\/index.php\/wp-json\/wp\/v2\/posts\/2680","targetHints":{"allow":["GET"]}}],"collection":[{"href":"https:\/\/puycapel.fr\/index.php\/wp-json\/wp\/v2\/posts"}],"about":[{"href":"https:\/\/puycapel.fr\/index.php\/wp-json\/wp\/v2\/types\/post"}],"author":[{"embeddable":true,"href":"https:\/\/puycapel.fr\/index.php\/wp-json\/wp\/v2\/users\/2"}],"replies":[{"embeddable":true,"href":"https:\/\/puycapel.fr\/index.php\/wp-json\/wp\/v2\/comments?post=2680"}],"version-history":[{"count":1,"href":"https:\/\/puycapel.fr\/index.php\/wp-json\/wp\/v2\/posts\/2680\/revisions"}],"predecessor-version":[{"id":2682,"href":"https:\/\/puycapel.fr\/index.php\/wp-json\/wp\/v2\/posts\/2680\/revisions\/2682"}],"wp:attachment":[{"href":"https:\/\/puycapel.fr\/index.php\/wp-json\/wp\/v2\/media?parent=2680"}],"wp:term":[{"taxonomy":"category","embeddable":true,"href":"https:\/\/puycapel.fr\/index.php\/wp-json\/wp\/v2\/categories?post=2680"},{"taxonomy":"post_tag","embeddable":true,"href":"https:\/\/puycapel.fr\/index.php\/wp-json\/wp\/v2\/tags?post=2680"}],"curies":[{"name":"wp","href":"https:\/\/api.w.org\/{rel}","templated":true}]}}