{"id":3366,"date":"2020-12-31T09:22:00","date_gmt":"2020-12-31T08:22:00","guid":{"rendered":"https:\/\/puycapel.fr\/?p=3366"},"modified":"2020-12-31T09:22:00","modified_gmt":"2020-12-31T08:22:00","slug":"arrete-prefectoral-du-31-decembre-2020","status":"publish","type":"post","link":"https:\/\/puycapel.fr\/index.php\/2020\/12\/31\/arrete-prefectoral-du-31-decembre-2020\/","title":{"rendered":"Arr\u00eat\u00e9 pr\u00e9fectoral du 31 d\u00e9cembre 2020"},"content":{"rendered":"\n<p>Annule et remplace l&rsquo;arr\u00eat\u00e9 du n\u00b02020 -1749 du 30  d\u00e9cembre 2020<\/p>\n\n\n\n<div class=\"wp-block-file\"><a href=\"https:\/\/puycapel.fr\/wp-content\/uploads\/2020\/12\/AP-n\u00b0-2020-1751-du-31-12-2020-r\u00e9glementation-temporaire.pdf\">AP-n\u00b0-2020-1751-du-31-12-2020-r\u00e9glementation-temporaire<\/a><a href=\"https:\/\/puycapel.fr\/wp-content\/uploads\/2020\/12\/AP-n\u00b0-2020-1751-du-31-12-2020-r\u00e9glementation-temporaire.pdf\" class=\"wp-block-file__button\" download>T\u00e9l\u00e9charger<\/a><\/div>\n","protected":false},"excerpt":{"rendered":"<p>Annule et remplace l&rsquo;arr\u00eat\u00e9 du n\u00b02020 -1749 du 30 d\u00e9cembre 2020<\/p>\n","protected":false},"author":2,"featured_media":0,"comment_status":"closed","ping_status":"closed","sticky":false,"template":"","format":"standard","meta":{"_exactmetrics_skip_tracking":false,"_exactmetrics_sitenote_active":false,"_exactmetrics_sitenote_note":"","_exactmetrics_sitenote_category":0,"jetpack_post_was_ever_published":false,"_jetpack_newsletter_access":"","_jetpack_dont_email_post_to_subs":false,"_jetpack_newsletter_tier_id":0,"_jetpack_memberships_contains_paywalled_content":false,"_jetpack_memberships_contains_paid_content":false,"footnotes":""},"categories":[28],"tags":[],"class_list":["post-3366","post","type-post","status-publish","format-standard","hentry","category-actuellement"],"jetpack_featured_media_url":"","jetpack_sharing_enabled":true,"jetpack_shortlink":"https:\/\/wp.me\/paADkW-Si","jetpack-related-posts":[{"id":2363,"url":"https:\/\/puycapel.fr\/index.php\/2020\/04\/07\/modernisation-des-zones-naturelles-dinteret-ecologique-floristique-et-faunistique-znieff\/","url_meta":{"origin":3366,"position":0},"title":"Modernisation  des Zones Naturelles d&rsquo;Int\u00e9r\u00eat Ecologique, Floristique et Faunistique (ZNIEFF)","author":"Mairie Puycapel","date":"7 avril 2020","format":false,"excerpt":"En vue d\u2019ex\u00e9cuter les op\u00e9rations n\u00e9cessaires \u00e0 la r\u00e9alisation d'inventaires naturalistes li\u00e9s \u00e0 la d\u00e9marche de r\u00e9actualisation des ZNIEFF, un arr\u00eat\u00e9 pr\u00e9fectoral du 10 mars 2020 autorise le personnel du Conservatoire botanique national du Massif Central \u00e0 p\u00e9n\u00e9trer dans les propri\u00e9t\u00e9s priv\u00e9es pour r\u00e9aliser des prospections naturalistes (prioritairement sur les\u2026","rel":"","context":"Dans &quot;Actualit\u00e9s&quot;","block_context":{"text":"Actualit\u00e9s","link":"https:\/\/puycapel.fr\/index.php\/category\/actuellement\/"},"img":{"alt_text":"","src":"","width":0,"height":0},"classes":[]},{"id":2317,"url":"https:\/\/puycapel.fr\/index.php\/2020\/03\/31\/covid-19-nouvel-arrete-prefectoral-interdisant-la-frequentation-de-certains-lieux-publics\/","url_meta":{"origin":3366,"position":1},"title":"COVID-19: Arr\u00eat\u00e9 pr\u00e9fectoral interdisant la fr\u00e9quentation de certains lieux publics.","author":"Mairie Puycapel","date":"31 mars 2020","format":false,"excerpt":"Arr\u00eat\u00e9 pr\u00e9fectoral N\u00b02020-0368 du 31 mars 2020 interdisant la fr\u00e9quentation de certains lieux publics jusqu'au 15 avril 2020 inclus. AP-N\u00b02020-0368-du-31-mars-2020T\u00e9l\u00e9charger","rel":"","context":"Dans &quot;Actualit\u00e9s&quot;","block_context":{"text":"Actualit\u00e9s","link":"https:\/\/puycapel.fr\/index.php\/category\/actuellement\/"},"img":{"alt_text":"","src":"","width":0,"height":0},"classes":[]},{"id":2913,"url":"https:\/\/puycapel.fr\/index.php\/2020\/09\/14\/declaration-de-ruches\/","url_meta":{"origin":3366,"position":2},"title":"D\u00e9claration de ruches","author":"Mairie Puycapel","date":"14 septembre 2020","format":false,"excerpt":"D\u00e9claration annuelle de ruches : Du 1er septembre au 31 d\u00e9cembre La d\u00e9claration de ruches est une obligation annuelle pour tout d\u00e9tenteur de colonies d\u2019abeilles, d\u00e8s la premi\u00e8re ruche d\u00e9tenue. Elle participe \u00e0 : La gestion sanitaire des colonies d\u2019abeilles,La connaissance de l\u2019\u00e9volution du cheptel apicole,La mobilisation d\u2019aides europ\u00e9ennes pour\u2026","rel":"","context":"Dans &quot;Actualit\u00e9s&quot;","block_context":{"text":"Actualit\u00e9s","link":"https:\/\/puycapel.fr\/index.php\/category\/actuellement\/"},"img":{"alt_text":"","src":"","width":0,"height":0},"classes":[]},{"id":2367,"url":"https:\/\/puycapel.fr\/index.php\/2020\/04\/07\/covid-19-arrete-prefectoral-interdisant-la-frequentation-de-certains-lieux-publics-annule-et-remplace-larrete-du-31-mars-2020\/","url_meta":{"origin":3366,"position":3},"title":"COVID-19: Arr\u00eat\u00e9 pr\u00e9fectoral interdisant la fr\u00e9quentation de certains lieux publics. Annule et remplace l&rsquo;arr\u00eat\u00e9 du 31 mars 2020","author":"Mairie Puycapel","date":"7 avril 2020","format":false,"excerpt":"ZOOM sur l'ARTICLE 1er: Sur le territoire du d\u00e9partement, jusqu'au 15 avril 2020 inclus, toute pr\u00e9sence pi\u00e9tonne, cycliste ou motoris\u00e9e est interdite dans les lieux suivants: les plans d'eau, y compris les berges, les promenades et les plages autour de ceux-ciles berges des cours d'eaules chemins de randonn\u00e9eles for\u00eatsles parcs\u2026","rel":"","context":"Dans &quot;Actualit\u00e9s&quot;","block_context":{"text":"Actualit\u00e9s","link":"https:\/\/puycapel.fr\/index.php\/category\/actuellement\/"},"img":{"alt_text":"","src":"","width":0,"height":0},"classes":[]},{"id":3359,"url":"https:\/\/puycapel.fr\/index.php\/2020\/12\/30\/arrete-prefectoral-annule-et-remplace-les-precedents\/","url_meta":{"origin":3366,"position":4},"title":"Arr\u00eat\u00e9 pr\u00e9fectoral, annule et remplace les pr\u00e9c\u00e9dents","author":"Antoine Puech","date":"30 d\u00e9cembre 2020","format":false,"excerpt":"arr\u00eat\u00e9-du-30-d\u00e9cembre-2020-pdfT\u00e9l\u00e9charger","rel":"","context":"Dans &quot;Actualit\u00e9s&quot;","block_context":{"text":"Actualit\u00e9s","link":"https:\/\/puycapel.fr\/index.php\/category\/actuellement\/"},"img":{"alt_text":"","src":"","width":0,"height":0},"classes":[]},{"id":3160,"url":"https:\/\/puycapel.fr\/index.php\/2020\/11\/02\/declaration-annuelle-de-ruches-du-1er-septembre-au-31-decembre-2\/","url_meta":{"origin":3366,"position":5},"title":"D\u00e9claration annuelle de ruches : Du 1er septembre au 31 d\u00e9cembre","author":"Mairie Puycapel","date":"2 novembre 2020","format":false,"excerpt":"La d\u00e9claration de ruches est une obligation annuelle pour tout d\u00e9tenteur de colonies d\u2019abeilles, d\u00e8s la premi\u00e8re ruche d\u00e9tenue. Elle participe \u00e0 : La gestion sanitaire des colonies d\u2019abeilles,La connaissance de l\u2019\u00e9volution du cheptel apicole,La mobilisation d\u2019aides europ\u00e9ennes pour la fili\u00e8re apicole fran\u00e7aise, Elle doit \u00eatre r\u00e9alis\u00e9e chaque ann\u00e9e, entre\u2026","rel":"","context":"Dans &quot;Actualit\u00e9s&quot;","block_context":{"text":"Actualit\u00e9s","link":"https:\/\/puycapel.fr\/index.php\/category\/actuellement\/"},"img":{"alt_text":"","src":"","width":0,"height":0},"classes":[]}],"_links":{"self":[{"href":"https:\/\/puycapel.fr\/index.php\/wp-json\/wp\/v2\/posts\/3366","targetHints":{"allow":["GET"]}}],"collection":[{"href":"https:\/\/puycapel.fr\/index.php\/wp-json\/wp\/v2\/posts"}],"about":[{"href":"https:\/\/puycapel.fr\/index.php\/wp-json\/wp\/v2\/types\/post"}],"author":[{"embeddable":true,"href":"https:\/\/puycapel.fr\/index.php\/wp-json\/wp\/v2\/users\/2"}],"replies":[{"embeddable":true,"href":"https:\/\/puycapel.fr\/index.php\/wp-json\/wp\/v2\/comments?post=3366"}],"version-history":[{"count":1,"href":"https:\/\/puycapel.fr\/index.php\/wp-json\/wp\/v2\/posts\/3366\/revisions"}],"predecessor-version":[{"id":3368,"href":"https:\/\/puycapel.fr\/index.php\/wp-json\/wp\/v2\/posts\/3366\/revisions\/3368"}],"wp:attachment":[{"href":"https:\/\/puycapel.fr\/index.php\/wp-json\/wp\/v2\/media?parent=3366"}],"wp:term":[{"taxonomy":"category","embeddable":true,"href":"https:\/\/puycapel.fr\/index.php\/wp-json\/wp\/v2\/categories?post=3366"},{"taxonomy":"post_tag","embeddable":true,"href":"https:\/\/puycapel.fr\/index.php\/wp-json\/wp\/v2\/tags?post=3366"}],"curies":[{"name":"wp","href":"https:\/\/api.w.org\/{rel}","templated":true}]}}