{"id":4044,"date":"2021-05-13T12:10:00","date_gmt":"2021-05-13T10:10:00","guid":{"rendered":"https:\/\/puycapel.fr\/?p=4044"},"modified":"2021-05-13T12:07:26","modified_gmt":"2021-05-13T10:07:26","slug":"initiation-a-la-securite-routiere","status":"publish","type":"post","link":"https:\/\/puycapel.fr\/index.php\/2021\/05\/13\/initiation-a-la-securite-routiere\/","title":{"rendered":"Initiation \u00e0 la s\u00e9curit\u00e9 routi\u00e8re"},"content":{"rendered":"\n<p>Jeudi 6 mai, les \u00e9l\u00e8ves de CP-CE1 ont b\u00e9n\u00e9fici\u00e9 d\u2019une initiation \u00e0 la s\u00e9curit\u00e9 routi\u00e8re par la Gendarmerie. Apr\u00e8s un apport th\u00e9orique en classe pour comprendre comment rouler en s\u00e9curit\u00e9 en v\u00e9lo et quelles sont les diff\u00e9rentes cat\u00e9gories de panneaux, les \u00e9l\u00e8ves se sont rendus \u00e0 la gendarmerie de Calvinet. Sur place, un parcours v\u00e9lo avait \u00e9t\u00e9 mis en place. Le but pour les \u00e9l\u00e8ves : rouler en s\u00e9curit\u00e9 sur le parcours en respectant les panneaux, les autres v\u00e9los et les pi\u00e9tons. Les \u00e9l\u00e8ves ont aussi pu d\u00e9couvrir la gendarmerie et ses v\u00e9hicules, dont une voiture \u00e9lectrique auquel les enfants doivent apprendre \u00e0 \u00eatre vigilants en raison de son absence de bruit. Les \u00e9l\u00e8ves ont beaucoup appr\u00e9ci\u00e9 cet apr\u00e8s-midi pr\u00e9vention. Leur enseignante remercie les gendarmes pour leur accueil et leur implication dans la r\u00e9ussite de cette journ\u00e9e.<\/p>\n\n\n\n<figure class=\"wp-block-image size-large\"><img data-recalc-dims=\"1\" loading=\"lazy\" decoding=\"async\" width=\"1024\" height=\"758\" data-attachment-id=\"4045\" data-permalink=\"https:\/\/puycapel.fr\/index.php\/2021\/05\/13\/initiation-a-la-securite-routiere\/photo-rognee\/\" data-orig-file=\"https:\/\/i0.wp.com\/puycapel.fr\/wp-content\/uploads\/2021\/05\/photo-rognee-scaled.jpg?fit=2560%2C1894&amp;ssl=1\" data-orig-size=\"2560,1894\" data-comments-opened=\"0\" data-image-meta=\"{&quot;aperture&quot;:&quot;2&quot;,&quot;credit&quot;:&quot;&quot;,&quot;camera&quot;:&quot;SM-A515F&quot;,&quot;caption&quot;:&quot;&quot;,&quot;created_timestamp&quot;:&quot;1620315772&quot;,&quot;copyright&quot;:&quot;&quot;,&quot;focal_length&quot;:&quot;4.6&quot;,&quot;iso&quot;:&quot;32&quot;,&quot;shutter_speed&quot;:&quot;0.008695652173913&quot;,&quot;title&quot;:&quot;&quot;,&quot;orientation&quot;:&quot;1&quot;}\" data-image-title=\"photo-rognee\" data-image-description=\"\" data-image-caption=\"\" data-large-file=\"https:\/\/i0.wp.com\/puycapel.fr\/wp-content\/uploads\/2021\/05\/photo-rognee-scaled.jpg?fit=1024%2C758&amp;ssl=1\" src=\"https:\/\/i0.wp.com\/puycapel.fr\/wp-content\/uploads\/2021\/05\/photo-rognee.jpg?resize=1024%2C758&#038;ssl=1\" alt=\"\" class=\"wp-image-4045\" srcset=\"https:\/\/i0.wp.com\/puycapel.fr\/wp-content\/uploads\/2021\/05\/photo-rognee-scaled.jpg?resize=1024%2C758&amp;ssl=1 1024w, https:\/\/i0.wp.com\/puycapel.fr\/wp-content\/uploads\/2021\/05\/photo-rognee-scaled.jpg?resize=300%2C222&amp;ssl=1 300w, https:\/\/i0.wp.com\/puycapel.fr\/wp-content\/uploads\/2021\/05\/photo-rognee-scaled.jpg?resize=768%2C568&amp;ssl=1 768w, https:\/\/i0.wp.com\/puycapel.fr\/wp-content\/uploads\/2021\/05\/photo-rognee-scaled.jpg?resize=1536%2C1136&amp;ssl=1 1536w, https:\/\/i0.wp.com\/puycapel.fr\/wp-content\/uploads\/2021\/05\/photo-rognee-scaled.jpg?resize=2048%2C1515&amp;ssl=1 2048w, https:\/\/i0.wp.com\/puycapel.fr\/wp-content\/uploads\/2021\/05\/photo-rognee-scaled.jpg?resize=1320%2C977&amp;ssl=1 1320w\" sizes=\"auto, (max-width: 1000px) 100vw, 1000px\" \/><\/figure>\n\n\n\n<figure class=\"wp-block-image size-large\"><img data-recalc-dims=\"1\" loading=\"lazy\" decoding=\"async\" width=\"1024\" height=\"768\" data-attachment-id=\"4046\" data-permalink=\"https:\/\/puycapel.fr\/index.php\/2021\/05\/13\/initiation-a-la-securite-routiere\/gendarmerie\/\" data-orig-file=\"https:\/\/i0.wp.com\/puycapel.fr\/wp-content\/uploads\/2021\/05\/gendarmerie-scaled.jpg?fit=2560%2C1920&amp;ssl=1\" data-orig-size=\"2560,1920\" data-comments-opened=\"0\" data-image-meta=\"{&quot;aperture&quot;:&quot;2.2&quot;,&quot;credit&quot;:&quot;&quot;,&quot;camera&quot;:&quot;VOG-L29&quot;,&quot;caption&quot;:&quot;&quot;,&quot;created_timestamp&quot;:&quot;1620313365&quot;,&quot;copyright&quot;:&quot;&quot;,&quot;focal_length&quot;:&quot;2.35&quot;,&quot;iso&quot;:&quot;64&quot;,&quot;shutter_speed&quot;:&quot;0.016667&quot;,&quot;title&quot;:&quot;&quot;,&quot;orientation&quot;:&quot;0&quot;}\" data-image-title=\"gendarmerie\" data-image-description=\"\" data-image-caption=\"\" data-large-file=\"https:\/\/i0.wp.com\/puycapel.fr\/wp-content\/uploads\/2021\/05\/gendarmerie-scaled.jpg?fit=1024%2C768&amp;ssl=1\" src=\"https:\/\/i0.wp.com\/puycapel.fr\/wp-content\/uploads\/2021\/05\/gendarmerie.jpg?resize=1024%2C768&#038;ssl=1\" alt=\"\" class=\"wp-image-4046\" srcset=\"https:\/\/i0.wp.com\/puycapel.fr\/wp-content\/uploads\/2021\/05\/gendarmerie-scaled.jpg?resize=1024%2C768&amp;ssl=1 1024w, https:\/\/i0.wp.com\/puycapel.fr\/wp-content\/uploads\/2021\/05\/gendarmerie-scaled.jpg?resize=300%2C225&amp;ssl=1 300w, https:\/\/i0.wp.com\/puycapel.fr\/wp-content\/uploads\/2021\/05\/gendarmerie-scaled.jpg?resize=768%2C576&amp;ssl=1 768w, https:\/\/i0.wp.com\/puycapel.fr\/wp-content\/uploads\/2021\/05\/gendarmerie-scaled.jpg?resize=1536%2C1152&amp;ssl=1 1536w, https:\/\/i0.wp.com\/puycapel.fr\/wp-content\/uploads\/2021\/05\/gendarmerie-scaled.jpg?resize=2048%2C1536&amp;ssl=1 2048w, https:\/\/i0.wp.com\/puycapel.fr\/wp-content\/uploads\/2021\/05\/gendarmerie-scaled.jpg?resize=1320%2C990&amp;ssl=1 1320w\" sizes=\"auto, (max-width: 1000px) 100vw, 1000px\" \/><\/figure>\n","protected":false},"excerpt":{"rendered":"<p>Jeudi 6 mai, les \u00e9l\u00e8ves de CP-CE1 ont b\u00e9n\u00e9fici\u00e9 d\u2019une initiation \u00e0 la s\u00e9curit\u00e9 routi\u00e8re par la Gendarmerie. Apr\u00e8s un apport th\u00e9orique en classe pour comprendre comment rouler en s\u00e9curit\u00e9 en v\u00e9lo et quelles sont les diff\u00e9rentes cat\u00e9gories de panneaux, les \u00e9l\u00e8ves se sont rendus \u00e0 la gendarmerie de Calvinet. Sur place, un parcours v\u00e9lo [&hellip;]<\/p>\n","protected":false},"author":2,"featured_media":0,"comment_status":"closed","ping_status":"closed","sticky":false,"template":"","format":"standard","meta":{"_exactmetrics_skip_tracking":false,"_exactmetrics_sitenote_active":false,"_exactmetrics_sitenote_note":"","_exactmetrics_sitenote_category":0,"jetpack_post_was_ever_published":false,"_jetpack_newsletter_access":"","_jetpack_dont_email_post_to_subs":false,"_jetpack_newsletter_tier_id":0,"_jetpack_memberships_contains_paywalled_content":false,"_jetpack_memberships_contains_paid_content":false,"footnotes":""},"categories":[28],"tags":[],"class_list":["post-4044","post","type-post","status-publish","format-standard","hentry","category-actuellement"],"jetpack_featured_media_url":"","jetpack_sharing_enabled":true,"jetpack_shortlink":"https:\/\/wp.me\/paADkW-13e","jetpack-related-posts":[{"id":7561,"url":"https:\/\/puycapel.fr\/index.php\/2022\/11\/24\/visite-du-corg-par-les-elus\/","url_meta":{"origin":4044,"position":0},"title":"VISITE DU CORG PAR LES ELUS","author":"Mairie Puycapel","date":"24 novembre 2022","format":false,"excerpt":"Dimanche 20 novembre, les \u00e9lus des communes faisant partie de la communaut\u00e9 de brigades Montsalvy \/ Puycapel, ont \u00e9t\u00e9 convi\u00e9s \u00e0 l'initiative du Major Nicolas Baudin, qui commande cette communaut\u00e9 de brigades, au\u00a0Centre d\u2019 Op\u00e9rations et de Renseignement de la Gendarmerie (en abr\u00e9g\u00e9 : CORG), situ\u00e9 \u00e0 Aurillac. Ils ont\u2026","rel":"","context":"Dans &quot;Actualit\u00e9s&quot;","block_context":{"text":"Actualit\u00e9s","link":"https:\/\/puycapel.fr\/index.php\/category\/actuellement\/"},"img":{"alt_text":"","src":"https:\/\/i0.wp.com\/puycapel.fr\/wp-content\/uploads\/2022\/11\/PHOTO-CORG-20-11-22.jpg?resize=350%2C200&ssl=1","width":350,"height":200},"classes":[]},{"id":10198,"url":"https:\/\/puycapel.fr\/index.php\/2025\/06\/25\/inauguration-de-la-gendarmerie-renovee\/","url_meta":{"origin":4044,"position":1},"title":"Inauguration de la gendarmerie r\u00e9nov\u00e9e","author":"Antoine Puech","date":"25 juin 2025","format":false,"excerpt":"","rel":"","context":"Dans &quot;Actualit\u00e9s&quot;","block_context":{"text":"Actualit\u00e9s","link":"https:\/\/puycapel.fr\/index.php\/category\/actuellement\/"},"img":{"alt_text":"","src":"https:\/\/i0.wp.com\/puycapel.fr\/wp-content\/uploads\/2025\/06\/1000038464.jpg?resize=350%2C200&ssl=1","width":350,"height":200,"srcset":"https:\/\/i0.wp.com\/puycapel.fr\/wp-content\/uploads\/2025\/06\/1000038464.jpg?resize=350%2C200&ssl=1 1x, https:\/\/i0.wp.com\/puycapel.fr\/wp-content\/uploads\/2025\/06\/1000038464.jpg?resize=525%2C300&ssl=1 1.5x, https:\/\/i0.wp.com\/puycapel.fr\/wp-content\/uploads\/2025\/06\/1000038464.jpg?resize=700%2C400&ssl=1 2x"},"classes":[]},{"id":9028,"url":"https:\/\/puycapel.fr\/index.php\/2024\/04\/01\/port-de-luniforme\/","url_meta":{"origin":4044,"position":2},"title":"PORT DE L&rsquo;UNIFORME","author":"Antoine Puech","date":"1 avril 2024","format":false,"excerpt":"Esp\u00e9r\u00e9e par certains \u00e0 l'\u00e9cole, c'est en r\u00e9alit\u00e9 au conseil municipal qu'une exp\u00e9rimentation a \u00e9t\u00e9 d\u00e9cid\u00e9e par la Pr\u00e9fecture. Par arr\u00eat\u00e9 pr\u00e9fectoral n\u00b0238, \u00e0 partir du 5 avril, tous les conseillers municipaux devront porter un uniforme. Pour les femmes, tenue de printemps : pantalon beige, tee-shirt vert pomme, tennis blanche,\u2026","rel":"","context":"Dans &quot;Actualit\u00e9s&quot;","block_context":{"text":"Actualit\u00e9s","link":"https:\/\/puycapel.fr\/index.php\/category\/actuellement\/"},"img":{"alt_text":"","src":"","width":0,"height":0},"classes":[]},{"id":6537,"url":"https:\/\/puycapel.fr\/index.php\/2022\/03\/25\/mise-en-place-dune-circulation-alternee-dans-le-bourg-de-calvinet\/","url_meta":{"origin":4044,"position":3},"title":"MISE EN PLACE D&rsquo;UNE CIRCULATION ALTERNEE DANS LE BOURG DE CALVINET","author":"Mairie Puycapel","date":"25 mars 2022","format":false,"excerpt":"En raison des travaux d'enfouissement des r\u00e9seaux secs par l'entreprise ECRTP, la circulation sera altern\u00e9e dans le bourg de Calvinet, entre l'Agence postale et la gendarmerie, entre le 28 mars et le 13 mai 2022.La plus grande prudence est recommand\u00e9e aux conducteurs de v\u00e9hicules.","rel":"","context":"Dans &quot;Actualit\u00e9s&quot;","block_context":{"text":"Actualit\u00e9s","link":"https:\/\/puycapel.fr\/index.php\/category\/actuellement\/"},"img":{"alt_text":"","src":"","width":0,"height":0},"classes":[]},{"id":3252,"url":"https:\/\/puycapel.fr\/index.php\/2020\/11\/30\/prevention-fraude-renovation-energetique\/","url_meta":{"origin":4044,"position":4},"title":"Pr\u00e9vention \/ Lutte contre la fraude \u00e0 la r\u00e9novation \u00e9nerg\u00e9tique","author":"Mairie Puycapel","date":"30 novembre 2020","format":false,"excerpt":"Information de la GENDARMERIE NATIONALE","rel":"","context":"Dans &quot;Actualit\u00e9s&quot;","block_context":{"text":"Actualit\u00e9s","link":"https:\/\/puycapel.fr\/index.php\/category\/actuellement\/"},"img":{"alt_text":"","src":"https:\/\/i0.wp.com\/puycapel.fr\/wp-content\/uploads\/2020\/11\/LUTTE-FRAUDE-RENOV.png?resize=350%2C200&ssl=1","width":350,"height":200,"srcset":"https:\/\/i0.wp.com\/puycapel.fr\/wp-content\/uploads\/2020\/11\/LUTTE-FRAUDE-RENOV.png?resize=350%2C200&ssl=1 1x, https:\/\/i0.wp.com\/puycapel.fr\/wp-content\/uploads\/2020\/11\/LUTTE-FRAUDE-RENOV.png?resize=525%2C300&ssl=1 1.5x"},"classes":[]},{"id":10351,"url":"https:\/\/puycapel.fr\/index.php\/2025\/08\/11\/cles-retrouvees-secteur-jalenques\/","url_meta":{"origin":4044,"position":5},"title":"Cl\u00e9s retrouv\u00e9es secteur Jalenques","author":"Antoine Puech","date":"11 ao\u00fbt 2025","format":false,"excerpt":"Des cl\u00e9s de voiture ont \u00e9t\u00e9 retrouv\u00e9es secteur Jalenques. Elles sont disponibles \u00e0 la gendarmerie de Puycapel : 17 rue du Colombier, Calvinet, 15340 Puycapel","rel":"","context":"Dans &quot;Actualit\u00e9s&quot;","block_context":{"text":"Actualit\u00e9s","link":"https:\/\/puycapel.fr\/index.php\/category\/actuellement\/"},"img":{"alt_text":"","src":"","width":0,"height":0},"classes":[]}],"_links":{"self":[{"href":"https:\/\/puycapel.fr\/index.php\/wp-json\/wp\/v2\/posts\/4044","targetHints":{"allow":["GET"]}}],"collection":[{"href":"https:\/\/puycapel.fr\/index.php\/wp-json\/wp\/v2\/posts"}],"about":[{"href":"https:\/\/puycapel.fr\/index.php\/wp-json\/wp\/v2\/types\/post"}],"author":[{"embeddable":true,"href":"https:\/\/puycapel.fr\/index.php\/wp-json\/wp\/v2\/users\/2"}],"replies":[{"embeddable":true,"href":"https:\/\/puycapel.fr\/index.php\/wp-json\/wp\/v2\/comments?post=4044"}],"version-history":[{"count":2,"href":"https:\/\/puycapel.fr\/index.php\/wp-json\/wp\/v2\/posts\/4044\/revisions"}],"predecessor-version":[{"id":4056,"href":"https:\/\/puycapel.fr\/index.php\/wp-json\/wp\/v2\/posts\/4044\/revisions\/4056"}],"wp:attachment":[{"href":"https:\/\/puycapel.fr\/index.php\/wp-json\/wp\/v2\/media?parent=4044"}],"wp:term":[{"taxonomy":"category","embeddable":true,"href":"https:\/\/puycapel.fr\/index.php\/wp-json\/wp\/v2\/categories?post=4044"},{"taxonomy":"post_tag","embeddable":true,"href":"https:\/\/puycapel.fr\/index.php\/wp-json\/wp\/v2\/tags?post=4044"}],"curies":[{"name":"wp","href":"https:\/\/api.w.org\/{rel}","templated":true}]}}