{"id":4415,"date":"2021-06-04T16:24:15","date_gmt":"2021-06-04T14:24:15","guid":{"rendered":"https:\/\/puycapel.fr\/?p=4415"},"modified":"2021-06-04T16:24:15","modified_gmt":"2021-06-04T14:24:15","slug":"arrete-de-circulation-en-raison-de-travaux-de-voirie","status":"publish","type":"post","link":"https:\/\/puycapel.fr\/index.php\/2021\/06\/04\/arrete-de-circulation-en-raison-de-travaux-de-voirie\/","title":{"rendered":"Arr\u00eat\u00e9 de circulation en raison de travaux de voirie"},"content":{"rendered":"\n<p>L&rsquo;entreprise EUROVIA r\u00e9alisera des travaux de voirie sur la commune du 07 juin au 23 juillet. La circulation est r\u00e8glement\u00e9e par arr\u00eat\u00e9. Lire ci-dessous l&rsquo;arr\u00eat\u00e9.<\/p>\n\n\n\n<div class=\"wp-block-file\"><a href=\"https:\/\/puycapel.fr\/wp-content\/uploads\/2021\/06\/20210604151336278.pdf\">arr\u00eat\u00e9 r\u00e8glementation circulation<\/a><a href=\"https:\/\/puycapel.fr\/wp-content\/uploads\/2021\/06\/20210604151336278.pdf\" class=\"wp-block-file__button\" download>T\u00e9l\u00e9charger<\/a><\/div>\n","protected":false},"excerpt":{"rendered":"<p>L&rsquo;entreprise EUROVIA r\u00e9alisera des travaux de voirie sur la commune du 07 juin au 23 juillet. La circulation est r\u00e8glement\u00e9e par arr\u00eat\u00e9. Lire ci-dessous l&rsquo;arr\u00eat\u00e9.<\/p>\n","protected":false},"author":2,"featured_media":0,"comment_status":"closed","ping_status":"closed","sticky":false,"template":"","format":"standard","meta":{"_exactmetrics_skip_tracking":false,"_exactmetrics_sitenote_active":false,"_exactmetrics_sitenote_note":"","_exactmetrics_sitenote_category":0,"jetpack_post_was_ever_published":false,"_jetpack_newsletter_access":"","_jetpack_dont_email_post_to_subs":false,"_jetpack_newsletter_tier_id":0,"_jetpack_memberships_contains_paywalled_content":false,"_jetpack_memberships_contains_paid_content":false,"footnotes":""},"categories":[28],"tags":[],"class_list":["post-4415","post","type-post","status-publish","format-standard","hentry","category-actuellement"],"jetpack_featured_media_url":"","jetpack_sharing_enabled":true,"jetpack_shortlink":"https:\/\/wp.me\/paADkW-19d","jetpack-related-posts":[{"id":4402,"url":"https:\/\/puycapel.fr\/index.php\/2021\/06\/03\/arrete-de-circulation-voie-communale\/","url_meta":{"origin":4415,"position":0},"title":"Arr\u00eat\u00e9 de circulation voie communale","author":"Antoine Puech","date":"3 juin 2021","format":false,"excerpt":"20210603205537510T\u00e9l\u00e9charger Travaux de voirie","rel":"","context":"Dans &quot;Actualit\u00e9s&quot;","block_context":{"text":"Actualit\u00e9s","link":"https:\/\/puycapel.fr\/index.php\/category\/actuellement\/"},"img":{"alt_text":"","src":"","width":0,"height":0},"classes":[]},{"id":7313,"url":"https:\/\/puycapel.fr\/index.php\/2022\/09\/13\/arretes-de-circulation-en-raison-de-travaux-mourjou\/","url_meta":{"origin":4415,"position":1},"title":"Arr\u00eat\u00e9s de circulation en raison de travaux: Mourjou","author":"Mairie Puycapel","date":"13 septembre 2022","format":false,"excerpt":"PUYCAPEL-VC-2022-Arrete-circulationT\u00e9l\u00e9charger","rel":"","context":"Dans &quot;Actualit\u00e9s&quot;","block_context":{"text":"Actualit\u00e9s","link":"https:\/\/puycapel.fr\/index.php\/category\/actuellement\/"},"img":{"alt_text":"","src":"","width":0,"height":0},"classes":[]},{"id":8688,"url":"https:\/\/puycapel.fr\/index.php\/2023\/12\/14\/arrete-de-circulation-travaux-elagage\/","url_meta":{"origin":4415,"position":2},"title":"Arr\u00eat\u00e9 de circulation: travaux \u00e9lagage","author":"Mairie Puycapel","date":"14 d\u00e9cembre 2023","format":false,"excerpt":"ELAGAGE-Arrete-CIR-du-14-12-23T\u00e9l\u00e9charger","rel":"","context":"Dans &quot;Actualit\u00e9s&quot;","block_context":{"text":"Actualit\u00e9s","link":"https:\/\/puycapel.fr\/index.php\/category\/actuellement\/"},"img":{"alt_text":"","src":"","width":0,"height":0},"classes":[]},{"id":8378,"url":"https:\/\/puycapel.fr\/index.php\/2023\/08\/29\/amenagement-du-secteur-communal-du-colombier-arrete-de-reglementation-de-la-circulation-pour-travaux\/","url_meta":{"origin":4415,"position":3},"title":"Am\u00e9nagement du secteur communal du Colombier &#8211; Arr\u00eat\u00e9 de r\u00e8glementation de la circulation pour travaux","author":"Antoine Puech","date":"29 ao\u00fbt 2023","format":false,"excerpt":"RD66-Arrete-Circulation-du-28-08-2023T\u00e9l\u00e9charger","rel":"","context":"Dans &quot;Actualit\u00e9s&quot;","block_context":{"text":"Actualit\u00e9s","link":"https:\/\/puycapel.fr\/index.php\/category\/actuellement\/"},"img":{"alt_text":"","src":"https:\/\/i0.wp.com\/puycapel.fr\/wp-content\/uploads\/2023\/08\/image-5.png?resize=350%2C200&ssl=1","width":350,"height":200,"srcset":"https:\/\/i0.wp.com\/puycapel.fr\/wp-content\/uploads\/2023\/08\/image-5.png?resize=350%2C200&ssl=1 1x, https:\/\/i0.wp.com\/puycapel.fr\/wp-content\/uploads\/2023\/08\/image-5.png?resize=525%2C300&ssl=1 1.5x"},"classes":[]},{"id":6417,"url":"https:\/\/puycapel.fr\/index.php\/2022\/02\/24\/arrete-de-circulation-rue-de-la-chataigneraie\/","url_meta":{"origin":4415,"position":4},"title":"Arr\u00eat\u00e9 de circulation: rue de la Ch\u00e2taigneraie","author":"Mairie Puycapel","date":"24 f\u00e9vrier 2022","format":false,"excerpt":"Des travaux sont pr\u00e9vus, par l'entreprise CHAVINIER, sur la voie d\u00e9partementale n\u00b019, rue de la Ch\u00e2taigneraie, \u00e0 proximit\u00e9 de l\u2019ancienne mairie. La circulation sera r\u00e8glement\u00e9e comme suit, pendant la dur\u00e9e des travaux,\u00a0 du 28\u00a0 f\u00e9vrier au 04 mars 2022 :\u00a0 - La vitesse sera limit\u00e9e - La chauss\u00e9e sera r\u00e9duite","rel":"","context":"Dans &quot;Actualit\u00e9s&quot;","block_context":{"text":"Actualit\u00e9s","link":"https:\/\/puycapel.fr\/index.php\/category\/actuellement\/"},"img":{"alt_text":"","src":"","width":0,"height":0},"classes":[]},{"id":4848,"url":"https:\/\/puycapel.fr\/index.php\/2021\/07\/23\/arrete-de-circulation-calvinet-rd-66\/","url_meta":{"origin":4415,"position":5},"title":"Arr\u00eat\u00e9 de circulation: Calvinet &#8211; RD 66","author":"Mairie Puycapel","date":"23 juillet 2021","format":false,"excerpt":"Des travaux r\u00e9alis\u00e9s par l'entreprise CHAVINIER se d\u00e9rouleront du 26 juillet au 27 ao\u00fbt 2021. Un arr\u00eat\u00e9 r\u00e8glemente la circulation. Lire l'arr\u00eat\u00e9.","rel":"","context":"Dans &quot;Actualit\u00e9s&quot;","block_context":{"text":"Actualit\u00e9s","link":"https:\/\/puycapel.fr\/index.php\/category\/actuellement\/"},"img":{"alt_text":"","src":"","width":0,"height":0},"classes":[]}],"_links":{"self":[{"href":"https:\/\/puycapel.fr\/index.php\/wp-json\/wp\/v2\/posts\/4415","targetHints":{"allow":["GET"]}}],"collection":[{"href":"https:\/\/puycapel.fr\/index.php\/wp-json\/wp\/v2\/posts"}],"about":[{"href":"https:\/\/puycapel.fr\/index.php\/wp-json\/wp\/v2\/types\/post"}],"author":[{"embeddable":true,"href":"https:\/\/puycapel.fr\/index.php\/wp-json\/wp\/v2\/users\/2"}],"replies":[{"embeddable":true,"href":"https:\/\/puycapel.fr\/index.php\/wp-json\/wp\/v2\/comments?post=4415"}],"version-history":[{"count":1,"href":"https:\/\/puycapel.fr\/index.php\/wp-json\/wp\/v2\/posts\/4415\/revisions"}],"predecessor-version":[{"id":4417,"href":"https:\/\/puycapel.fr\/index.php\/wp-json\/wp\/v2\/posts\/4415\/revisions\/4417"}],"wp:attachment":[{"href":"https:\/\/puycapel.fr\/index.php\/wp-json\/wp\/v2\/media?parent=4415"}],"wp:term":[{"taxonomy":"category","embeddable":true,"href":"https:\/\/puycapel.fr\/index.php\/wp-json\/wp\/v2\/categories?post=4415"},{"taxonomy":"post_tag","embeddable":true,"href":"https:\/\/puycapel.fr\/index.php\/wp-json\/wp\/v2\/tags?post=4415"}],"curies":[{"name":"wp","href":"https:\/\/api.w.org\/{rel}","templated":true}]}}