{"id":5614,"date":"2021-08-05T10:56:03","date_gmt":"2021-08-05T08:56:03","guid":{"rendered":"https:\/\/puycapel.fr\/?p=5614"},"modified":"2021-08-05T10:56:03","modified_gmt":"2021-08-05T08:56:03","slug":"secretariat-de-mairie-horaires-dete-du-09-au-25-aout-2021","status":"publish","type":"post","link":"https:\/\/puycapel.fr\/index.php\/2021\/08\/05\/secretariat-de-mairie-horaires-dete-du-09-au-25-aout-2021\/","title":{"rendered":"SECRETARIAT DE MAIRIE : horaires d&rsquo;\u00e9t\u00e9 DU 09 au 25 Ao\u00fbt 2021"},"content":{"rendered":"\n<p class=\"has-text-align-center\"><strong>SECRETARIAT DE MAIRIE <\/strong><strong><\/strong><\/p>\n\n\n\n<p class=\"has-text-align-center\"><strong>FERMETURE EXCEPTIONNELLE <\/strong><strong><\/strong><\/p>\n\n\n\n<p class=\"has-text-align-center\">Le vendredi 06 ao\u00fbt 2021<\/p>\n\n\n\n<p class=\"has-text-align-center\"><strong>HORAIRES D\u2019ETE DU 09 au 25 Ao\u00fbt 2021<\/strong><strong><\/strong><\/p>\n\n\n\n<p class=\"has-text-align-center\"><strong><u>Le secr\u00e9tariat de Mairie de MOURJOU<\/u><\/strong><\/p>\n\n\n\n<p class=\"has-text-align-center\">Ouvert le mardi et le jeudi matin du 9h \u00e0 12h<\/p>\n\n\n\n<p class=\"has-text-align-center\"><strong><u>Le secr\u00e9tariat de Mairie de CALVINET<\/u><\/strong><\/p>\n\n\n\n<p class=\"has-text-align-center\">Ouvert le mardi et le vendredi apr\u00e8s-midi de 13h30 \u00e0 16h30<\/p>\n\n\n\n<p class=\"has-text-align-center\">Nous vous remercions de votre compr\u00e9hension<\/p>\n","protected":false},"excerpt":{"rendered":"<p>SECRETARIAT DE MAIRIE FERMETURE EXCEPTIONNELLE Le vendredi 06 ao\u00fbt 2021 HORAIRES D\u2019ETE DU 09 au 25 Ao\u00fbt 2021 Le secr\u00e9tariat de Mairie de MOURJOU Ouvert le mardi et le jeudi matin du 9h \u00e0 12h Le secr\u00e9tariat de Mairie de CALVINET Ouvert le mardi et le vendredi apr\u00e8s-midi de 13h30 \u00e0 16h30 Nous vous remercions [&hellip;]<\/p>\n","protected":false},"author":3,"featured_media":0,"comment_status":"closed","ping_status":"closed","sticky":false,"template":"","format":"standard","meta":{"_exactmetrics_skip_tracking":false,"_exactmetrics_sitenote_active":false,"_exactmetrics_sitenote_note":"","_exactmetrics_sitenote_category":0,"jetpack_post_was_ever_published":false,"_jetpack_newsletter_access":"","_jetpack_dont_email_post_to_subs":false,"_jetpack_newsletter_tier_id":0,"_jetpack_memberships_contains_paywalled_content":false,"_jetpack_memberships_contains_paid_content":false,"footnotes":""},"categories":[1],"tags":[],"class_list":["post-5614","post","type-post","status-publish","format-standard","hentry","category-non-classe"],"jetpack_featured_media_url":"","jetpack_sharing_enabled":true,"jetpack_shortlink":"https:\/\/wp.me\/paADkW-1sy","jetpack-related-posts":[{"id":7234,"url":"https:\/\/puycapel.fr\/index.php\/2022\/08\/18\/secretariat-de-mairie-3\/","url_meta":{"origin":5614,"position":0},"title":"Secr\u00e9tariat de mairie","author":"Mairie Puycapel","date":"18 ao\u00fbt 2022","format":false,"excerpt":"La mairie de Mourjou sera FERMEE: mardi 23, jeudi 25 et mardi 30 ao\u00fbt. La mairie de Calvinet sera ouverte aux horaires habituels.","rel":"","context":"Dans &quot;Actualit\u00e9s&quot;","block_context":{"text":"Actualit\u00e9s","link":"https:\/\/puycapel.fr\/index.php\/category\/actuellement\/"},"img":{"alt_text":"","src":"","width":0,"height":0},"classes":[]},{"id":8366,"url":"https:\/\/puycapel.fr\/index.php\/2023\/08\/17\/fermeture-du-secretariat-de-mairie-3\/","url_meta":{"origin":5614,"position":1},"title":"Fermeture du secr\u00e9tariat de mairie","author":"Mairie Puycapel","date":"17 ao\u00fbt 2023","format":false,"excerpt":"Le secr\u00e9tariat de mairie de MOURJOU sera FERME: mardi 22 et 29 ao\u00fbt jeudi 24 et 31 ao\u00fbt Le secr\u00e9tariat de mairie de CALVINET est ouvert aux horaires habituels.","rel":"","context":"Dans &quot;Actualit\u00e9s&quot;","block_context":{"text":"Actualit\u00e9s","link":"https:\/\/puycapel.fr\/index.php\/category\/actuellement\/"},"img":{"alt_text":"","src":"","width":0,"height":0},"classes":[]},{"id":8313,"url":"https:\/\/puycapel.fr\/index.php\/2023\/07\/28\/secretariat-de-mairie-8\/","url_meta":{"origin":5614,"position":2},"title":"Secr\u00e9tariat de Mairie","author":"Mairie Puycapel","date":"28 juillet 2023","format":false,"excerpt":"Du 31 juillet au 18 ao\u00fbt la mairie est ouverte: Mardi (matin MOURJOU, apr\u00e8s-midi CALVINET) Jeudi (matin MOURJOU) Vendredi (apr\u00e8s-midi CALVINET) FERMEE en dehors de ces horaires","rel":"","context":"Dans &quot;Actualit\u00e9s&quot;","block_context":{"text":"Actualit\u00e9s","link":"https:\/\/puycapel.fr\/index.php\/category\/actuellement\/"},"img":{"alt_text":"","src":"","width":0,"height":0},"classes":[]},{"id":10305,"url":"https:\/\/puycapel.fr\/index.php\/2025\/07\/29\/fermeture-du-secretariat-de-mairie-mourjou\/","url_meta":{"origin":5614,"position":3},"title":"Fermeture du secr\u00e9tariat de mairie : Mourjou","author":"Mairie Puycapel","date":"29 juillet 2025","format":false,"excerpt":"Le secr\u00e9tariat de mairie de Mourjou sera ferm\u00e9: mardi 05 ao\u00fbt jeudi 07 ao\u00fbt mardi 12 ao\u00fbt jeudi 14 ao\u00fbt","rel":"","context":"Dans &quot;Actualit\u00e9s&quot;","block_context":{"text":"Actualit\u00e9s","link":"https:\/\/puycapel.fr\/index.php\/category\/actuellement\/"},"img":{"alt_text":"","src":"","width":0,"height":0},"classes":[]},{"id":4509,"url":"https:\/\/puycapel.fr\/index.php\/2021\/06\/23\/fermeture-du-secretariat\/","url_meta":{"origin":5614,"position":4},"title":"Fermeture du secr\u00e9tariat","author":"Mairie Puycapel","date":"23 juin 2021","format":false,"excerpt":"Le secr\u00e9tariat de mairie sera ferm\u00e9 vendredi 25 juin apr\u00e8s-midi, en raison de la pr\u00e9paration du second tour des \u00e9lections, d\u00e9partementales et r\u00e9gionales.","rel":"","context":"Dans &quot;Actualit\u00e9s&quot;","block_context":{"text":"Actualit\u00e9s","link":"https:\/\/puycapel.fr\/index.php\/category\/actuellement\/"},"img":{"alt_text":"","src":"","width":0,"height":0},"classes":[]},{"id":7135,"url":"https:\/\/puycapel.fr\/index.php\/2022\/08\/01\/secretariat-de-mairie-modification-temporaire-des-ouvertures-au-public\/","url_meta":{"origin":5614,"position":5},"title":"Secr\u00e9tariat de mairie: modification temporaire des ouvertures au public","author":"Mairie Puycapel","date":"1 ao\u00fbt 2022","format":false,"excerpt":"Du 1er au 19 ao\u00fbt le secr\u00e9tariat de mairie est ouvert au public: MOURJOU: mardi matin et jeudi matin (9h00 - 12h00)CALVINET: mardi apr\u00e8s-midi et vendredi apr\u00e8s-midi (13h30 - 16h30)","rel":"","context":"Dans &quot;Actualit\u00e9s&quot;","block_context":{"text":"Actualit\u00e9s","link":"https:\/\/puycapel.fr\/index.php\/category\/actuellement\/"},"img":{"alt_text":"","src":"","width":0,"height":0},"classes":[]}],"_links":{"self":[{"href":"https:\/\/puycapel.fr\/index.php\/wp-json\/wp\/v2\/posts\/5614","targetHints":{"allow":["GET"]}}],"collection":[{"href":"https:\/\/puycapel.fr\/index.php\/wp-json\/wp\/v2\/posts"}],"about":[{"href":"https:\/\/puycapel.fr\/index.php\/wp-json\/wp\/v2\/types\/post"}],"author":[{"embeddable":true,"href":"https:\/\/puycapel.fr\/index.php\/wp-json\/wp\/v2\/users\/3"}],"replies":[{"embeddable":true,"href":"https:\/\/puycapel.fr\/index.php\/wp-json\/wp\/v2\/comments?post=5614"}],"version-history":[{"count":1,"href":"https:\/\/puycapel.fr\/index.php\/wp-json\/wp\/v2\/posts\/5614\/revisions"}],"predecessor-version":[{"id":5615,"href":"https:\/\/puycapel.fr\/index.php\/wp-json\/wp\/v2\/posts\/5614\/revisions\/5615"}],"wp:attachment":[{"href":"https:\/\/puycapel.fr\/index.php\/wp-json\/wp\/v2\/media?parent=5614"}],"wp:term":[{"taxonomy":"category","embeddable":true,"href":"https:\/\/puycapel.fr\/index.php\/wp-json\/wp\/v2\/categories?post=5614"},{"taxonomy":"post_tag","embeddable":true,"href":"https:\/\/puycapel.fr\/index.php\/wp-json\/wp\/v2\/tags?post=5614"}],"curies":[{"name":"wp","href":"https:\/\/api.w.org\/{rel}","templated":true}]}}