{"id":5759,"date":"2021-09-17T16:51:19","date_gmt":"2021-09-17T14:51:19","guid":{"rendered":"https:\/\/puycapel.fr\/?p=5759"},"modified":"2021-09-17T16:51:19","modified_gmt":"2021-09-17T14:51:19","slug":"auberge-communale-fermeture-pour-conges","status":"publish","type":"post","link":"https:\/\/puycapel.fr\/index.php\/2021\/09\/17\/auberge-communale-fermeture-pour-conges\/","title":{"rendered":"Auberge communale: fermeture pour cong\u00e9s"},"content":{"rendered":"\n<p>L&rsquo;auberge communale est FERMEE pour cong\u00e9s du 17 au 30 septembre.<\/p>\n","protected":false},"excerpt":{"rendered":"<p>L&rsquo;auberge communale est FERMEE pour cong\u00e9s du 17 au 30 septembre.<\/p>\n","protected":false},"author":2,"featured_media":0,"comment_status":"closed","ping_status":"closed","sticky":false,"template":"","format":"standard","meta":{"_exactmetrics_skip_tracking":false,"_exactmetrics_sitenote_active":false,"_exactmetrics_sitenote_note":"","_exactmetrics_sitenote_category":0,"jetpack_post_was_ever_published":false,"_jetpack_newsletter_access":"","_jetpack_dont_email_post_to_subs":false,"_jetpack_newsletter_tier_id":0,"_jetpack_memberships_contains_paywalled_content":false,"_jetpack_memberships_contains_paid_content":false,"footnotes":""},"categories":[28],"tags":[],"class_list":["post-5759","post","type-post","status-publish","format-standard","hentry","category-actuellement"],"jetpack_featured_media_url":"","jetpack_sharing_enabled":true,"jetpack_shortlink":"https:\/\/wp.me\/paADkW-1uT","jetpack-related-posts":[{"id":4521,"url":"https:\/\/puycapel.fr\/index.php\/2021\/06\/24\/fermeture-de-lauberge-communale\/","url_meta":{"origin":5759,"position":0},"title":"Fermeture de l&rsquo;auberge communale","author":"Mairie Puycapel","date":"24 juin 2021","format":false,"excerpt":"L'auberge communale sera FERMEE, les 28, 29 et 30 juin.","rel":"","context":"Dans &quot;Actualit\u00e9s&quot;","block_context":{"text":"Actualit\u00e9s","link":"https:\/\/puycapel.fr\/index.php\/category\/actuellement\/"},"img":{"alt_text":"","src":"","width":0,"height":0},"classes":[]},{"id":3690,"url":"https:\/\/puycapel.fr\/index.php\/2021\/03\/15\/auberge-commuale\/","url_meta":{"origin":5759,"position":1},"title":"Auberge communale","author":"Mairie Puycapel","date":"15 mars 2021","format":false,"excerpt":"L'auberge communale sera exceptionnellement ferm\u00e9e cette semaine et le week-end \u00e0 venir.","rel":"","context":"Dans &quot;Actualit\u00e9s&quot;","block_context":{"text":"Actualit\u00e9s","link":"https:\/\/puycapel.fr\/index.php\/category\/actuellement\/"},"img":{"alt_text":"","src":"","width":0,"height":0},"classes":[]},{"id":6045,"url":"https:\/\/puycapel.fr\/index.php\/2021\/11\/17\/auberge-communale\/","url_meta":{"origin":5759,"position":2},"title":"Auberge communale","author":"Mairie Puycapel","date":"17 novembre 2021","format":false,"excerpt":"R\u00c9SERVATION au 04 71 48 25 47Nous vous proposons un menu ouvrier le midi, du lundi au vendredi ainsi que notre carte du lundi au dimanche midi et soir sur \u00a0r\u00e9servation.\u00a0N\u2019oubliez pas nos hamburgers \u00e0 emporter et notre choucroute \u00e0 emporter ou \u00e0 d\u00e9guster sur place, sur r\u00e9servation.","rel":"","context":"Dans &quot;Actualit\u00e9s&quot;","block_context":{"text":"Actualit\u00e9s","link":"https:\/\/puycapel.fr\/index.php\/category\/actuellement\/"},"img":{"alt_text":"","src":"https:\/\/i0.wp.com\/puycapel.fr\/wp-content\/uploads\/2021\/11\/auberge.jpg?resize=350%2C200&ssl=1","width":350,"height":200,"srcset":"https:\/\/i0.wp.com\/puycapel.fr\/wp-content\/uploads\/2021\/11\/auberge.jpg?resize=350%2C200&ssl=1 1x, https:\/\/i0.wp.com\/puycapel.fr\/wp-content\/uploads\/2021\/11\/auberge.jpg?resize=525%2C300&ssl=1 1.5x, https:\/\/i0.wp.com\/puycapel.fr\/wp-content\/uploads\/2021\/11\/auberge.jpg?resize=700%2C400&ssl=1 2x, https:\/\/i0.wp.com\/puycapel.fr\/wp-content\/uploads\/2021\/11\/auberge.jpg?resize=1050%2C600&ssl=1 3x"},"classes":[]},{"id":2832,"url":"https:\/\/puycapel.fr\/index.php\/2020\/08\/27\/auberge-communale-de-mourjou-2\/","url_meta":{"origin":5759,"position":3},"title":"Auberge communale  de Mourjou","author":"Mairie Puycapel","date":"27 ao\u00fbt 2020","format":false,"excerpt":"Ouverture du bar et petite restauration d\u00e8s aujourd\u2019hui, jeudi 27 ao\u00fbt. Ouverture du restaurant le 1er septembre.Un nouveau num\u00e9ro de t\u00e9l\u00e9phone sera prochainement attribu\u00e9 \u00e0 l\u2019auberge \u2013 la ligne 04 71 49 66 18 est suspendue.","rel":"","context":"Dans &quot;Actualit\u00e9s&quot;","block_context":{"text":"Actualit\u00e9s","link":"https:\/\/puycapel.fr\/index.php\/category\/actuellement\/"},"img":{"alt_text":"","src":"","width":0,"height":0},"classes":[]},{"id":10319,"url":"https:\/\/puycapel.fr\/index.php\/2025\/07\/30\/fermeture-de-la-mediatheque-7\/","url_meta":{"origin":5759,"position":4},"title":"Fermeture de la m\u00e9diath\u00e8que","author":"Mairie Puycapel","date":"30 juillet 2025","format":false,"excerpt":"La m\u00e9diath\u00e8que sera FERMEE pour cong\u00e9s du 15 au 31 ao\u00fbt 2025.","rel":"","context":"Dans &quot;Actualit\u00e9s&quot;","block_context":{"text":"Actualit\u00e9s","link":"https:\/\/puycapel.fr\/index.php\/category\/actuellement\/"},"img":{"alt_text":"","src":"","width":0,"height":0},"classes":[]},{"id":8708,"url":"https:\/\/puycapel.fr\/index.php\/2023\/12\/19\/fermeture-de-lagence-postale-pour-conges\/","url_meta":{"origin":5759,"position":5},"title":"FERMETURE DE L&rsquo;AGENCE POSTALE POUR CONGES","author":"Mairie Puycapel","date":"19 d\u00e9cembre 2023","format":false,"excerpt":"L'agence postale sera ferm\u00e9e du samedi 23 d\u00e9cembre au mardi 26 d\u00e9cembre 2023 pour cong\u00e9s.","rel":"","context":"Dans &quot;Actualit\u00e9s&quot;","block_context":{"text":"Actualit\u00e9s","link":"https:\/\/puycapel.fr\/index.php\/category\/actuellement\/"},"img":{"alt_text":"","src":"","width":0,"height":0},"classes":[]}],"_links":{"self":[{"href":"https:\/\/puycapel.fr\/index.php\/wp-json\/wp\/v2\/posts\/5759","targetHints":{"allow":["GET"]}}],"collection":[{"href":"https:\/\/puycapel.fr\/index.php\/wp-json\/wp\/v2\/posts"}],"about":[{"href":"https:\/\/puycapel.fr\/index.php\/wp-json\/wp\/v2\/types\/post"}],"author":[{"embeddable":true,"href":"https:\/\/puycapel.fr\/index.php\/wp-json\/wp\/v2\/users\/2"}],"replies":[{"embeddable":true,"href":"https:\/\/puycapel.fr\/index.php\/wp-json\/wp\/v2\/comments?post=5759"}],"version-history":[{"count":1,"href":"https:\/\/puycapel.fr\/index.php\/wp-json\/wp\/v2\/posts\/5759\/revisions"}],"predecessor-version":[{"id":5760,"href":"https:\/\/puycapel.fr\/index.php\/wp-json\/wp\/v2\/posts\/5759\/revisions\/5760"}],"wp:attachment":[{"href":"https:\/\/puycapel.fr\/index.php\/wp-json\/wp\/v2\/media?parent=5759"}],"wp:term":[{"taxonomy":"category","embeddable":true,"href":"https:\/\/puycapel.fr\/index.php\/wp-json\/wp\/v2\/categories?post=5759"},{"taxonomy":"post_tag","embeddable":true,"href":"https:\/\/puycapel.fr\/index.php\/wp-json\/wp\/v2\/tags?post=5759"}],"curies":[{"name":"wp","href":"https:\/\/api.w.org\/{rel}","templated":true}]}}