{"id":6299,"date":"2022-01-21T10:42:57","date_gmt":"2022-01-21T09:42:57","guid":{"rendered":"https:\/\/puycapel.fr\/?p=6299"},"modified":"2022-01-21T10:42:57","modified_gmt":"2022-01-21T09:42:57","slug":"nouveau-degustez-les-pizzas-de-lauberge","status":"publish","type":"post","link":"https:\/\/puycapel.fr\/index.php\/2022\/01\/21\/nouveau-degustez-les-pizzas-de-lauberge\/","title":{"rendered":"NOUVEAU: D\u00e9gustez les pizzas de l&rsquo;auberge."},"content":{"rendered":"\n<figure class=\"wp-block-image size-large\"><img data-recalc-dims=\"1\" loading=\"lazy\" decoding=\"async\" width=\"1024\" height=\"765\" data-attachment-id=\"6300\" data-permalink=\"https:\/\/puycapel.fr\/index.php\/2022\/01\/21\/nouveau-degustez-les-pizzas-de-lauberge\/pizza\/\" data-orig-file=\"https:\/\/i0.wp.com\/puycapel.fr\/wp-content\/uploads\/2022\/01\/pizza-scaled.jpg?fit=2560%2C1912&amp;ssl=1\" data-orig-size=\"2560,1912\" data-comments-opened=\"0\" data-image-meta=\"{&quot;aperture&quot;:&quot;2.4&quot;,&quot;credit&quot;:&quot;&quot;,&quot;camera&quot;:&quot;iPad Air&quot;,&quot;caption&quot;:&quot;&quot;,&quot;created_timestamp&quot;:&quot;1642756325&quot;,&quot;copyright&quot;:&quot;&quot;,&quot;focal_length&quot;:&quot;3.3&quot;,&quot;iso&quot;:&quot;160&quot;,&quot;shutter_speed&quot;:&quot;0.04&quot;,&quot;title&quot;:&quot;&quot;,&quot;orientation&quot;:&quot;1&quot;}\" data-image-title=\"pizza\" data-image-description=\"\" data-image-caption=\"\" data-large-file=\"https:\/\/i0.wp.com\/puycapel.fr\/wp-content\/uploads\/2022\/01\/pizza-scaled.jpg?fit=1024%2C765&amp;ssl=1\" src=\"https:\/\/i0.wp.com\/puycapel.fr\/wp-content\/uploads\/2022\/01\/pizza.jpg?resize=1024%2C765&#038;ssl=1\" alt=\"\" class=\"wp-image-6300\" srcset=\"https:\/\/i0.wp.com\/puycapel.fr\/wp-content\/uploads\/2022\/01\/pizza-scaled.jpg?resize=1024%2C765&amp;ssl=1 1024w, https:\/\/i0.wp.com\/puycapel.fr\/wp-content\/uploads\/2022\/01\/pizza-scaled.jpg?resize=300%2C224&amp;ssl=1 300w, https:\/\/i0.wp.com\/puycapel.fr\/wp-content\/uploads\/2022\/01\/pizza-scaled.jpg?resize=768%2C574&amp;ssl=1 768w, https:\/\/i0.wp.com\/puycapel.fr\/wp-content\/uploads\/2022\/01\/pizza-scaled.jpg?resize=1536%2C1147&amp;ssl=1 1536w, https:\/\/i0.wp.com\/puycapel.fr\/wp-content\/uploads\/2022\/01\/pizza-scaled.jpg?resize=2048%2C1530&amp;ssl=1 2048w, https:\/\/i0.wp.com\/puycapel.fr\/wp-content\/uploads\/2022\/01\/pizza-scaled.jpg?resize=1320%2C986&amp;ssl=1 1320w\" sizes=\"auto, (max-width: 1000px) 100vw, 1000px\" \/><\/figure>\n","protected":false},"excerpt":{"rendered":"","protected":false},"author":2,"featured_media":0,"comment_status":"closed","ping_status":"closed","sticky":false,"template":"","format":"standard","meta":{"_exactmetrics_skip_tracking":false,"_exactmetrics_sitenote_active":false,"_exactmetrics_sitenote_note":"","_exactmetrics_sitenote_category":0,"jetpack_post_was_ever_published":false,"_jetpack_newsletter_access":"","_jetpack_dont_email_post_to_subs":false,"_jetpack_newsletter_tier_id":0,"_jetpack_memberships_contains_paywalled_content":false,"_jetpack_memberships_contains_paid_content":false,"footnotes":""},"categories":[28],"tags":[],"class_list":["post-6299","post","type-post","status-publish","format-standard","hentry","category-actuellement"],"jetpack_featured_media_url":"","jetpack_sharing_enabled":true,"jetpack_shortlink":"https:\/\/wp.me\/paADkW-1DB","jetpack-related-posts":[{"id":6556,"url":"https:\/\/puycapel.fr\/index.php\/2022\/03\/28\/auberge-nouvelle-pizza-a-la-carte\/","url_meta":{"origin":6299,"position":0},"title":"Auberge: nouvelle pizza \u00e0 la carte","author":"Mairie Puycapel","date":"28 mars 2022","format":false,"excerpt":"pizzaT\u00e9l\u00e9charger","rel":"","context":"Dans &quot;Actualit\u00e9s&quot;","block_context":{"text":"Actualit\u00e9s","link":"https:\/\/puycapel.fr\/index.php\/category\/actuellement\/"},"img":{"alt_text":"","src":"","width":0,"height":0},"classes":[]},{"id":8345,"url":"https:\/\/puycapel.fr\/index.php\/2023\/08\/05\/auberge-de-mourjou-en-aout-et-septembre-a-emporter\/","url_meta":{"origin":6299,"position":1},"title":"Auberge de Mourjou : EN AO\u00dbT ET SEPTEMBRE \u00c0 EMPORTER","author":"Antoine Puech","date":"5 ao\u00fbt 2023","format":false,"excerpt":"PIZZA REINE - 11\u20acPIZZA CHORIZO - 11\u20acPIZZA 4 FROMAGES - 13\u20acPIZZA CH\u00c8VRE MIEL - 12\u20acPIZZA ANCHO\u00cfADE - 11\u20acPIZZA SAUMON - 13\u20acPIZZA CANNIBALE - 12\u20acTARTE FLAMB\u00c9E - 12\u20ac HAMBURGER AU CHEDDAR + FRITES 11\u20acHAMBURGER AU CANTAL + FRITES 11\u20acHAMBURGER AU BLEU + FRITES 11\u20acHAMBURGER AU POULET PAN\u00c9 SAUCE CURRY + FRITES\u2026","rel":"","context":"Dans &quot;Actualit\u00e9s&quot;","block_context":{"text":"Actualit\u00e9s","link":"https:\/\/puycapel.fr\/index.php\/category\/actuellement\/"},"img":{"alt_text":"","src":"https:\/\/i0.wp.com\/puycapel.fr\/wp-content\/uploads\/2023\/08\/image.png?resize=350%2C200&ssl=1","width":350,"height":200},"classes":[]},{"id":7688,"url":"https:\/\/puycapel.fr\/index.php\/2023\/01\/13\/fermeture-auberge-ce-week-end\/","url_meta":{"origin":6299,"position":2},"title":"Fermeture auberge ce week-end","author":"Mairie Puycapel","date":"13 janvier 2023","format":false,"excerpt":"L\u2019auberge sera ferm\u00e9e samedi et dimanche jusqu\u2019\u00e0 18h30. Nous avons le plaisir de cuisiner pour les pompiers de MAURS, \u00e0 MAURS Nous serons de retour dimanche, pour les pizzas, hamburgers, kebabs \u00e0 emporter, \u00e0 partir de 18h30","rel":"","context":"Dans &quot;Actualit\u00e9s&quot;","block_context":{"text":"Actualit\u00e9s","link":"https:\/\/puycapel.fr\/index.php\/category\/actuellement\/"},"img":{"alt_text":"","src":"","width":0,"height":0},"classes":[]},{"id":8170,"url":"https:\/\/puycapel.fr\/index.php\/2023\/06\/24\/auberge-de-mourjou-glaces-et-boisons-fraiches\/","url_meta":{"origin":6299,"position":3},"title":"Auberge de Mourjou : Glaces et boissons fra\u00eeches","author":"Antoine Puech","date":"24 juin 2023","format":false,"excerpt":"Durant l\u2019\u00e9t\u00e9 l'auberge de Mourjou vous accueille tous les apr\u00e8s-midis, sauf le jeudi, pour profiter de la terrasse en d\u00e9gustant des glaces ou et sirotant une boisson bien fra\u00eeche. \u00c0 bient\u00f4t","rel":"","context":"Dans &quot;Actualit\u00e9s&quot;","block_context":{"text":"Actualit\u00e9s","link":"https:\/\/puycapel.fr\/index.php\/category\/actuellement\/"},"img":{"alt_text":"","src":"https:\/\/i0.wp.com\/puycapel.fr\/wp-content\/uploads\/2023\/06\/image-5.png?resize=350%2C200&ssl=1","width":350,"height":200},"classes":[]},{"id":6045,"url":"https:\/\/puycapel.fr\/index.php\/2021\/11\/17\/auberge-communale\/","url_meta":{"origin":6299,"position":4},"title":"Auberge communale","author":"Mairie Puycapel","date":"17 novembre 2021","format":false,"excerpt":"R\u00c9SERVATION au 04 71 48 25 47Nous vous proposons un menu ouvrier le midi, du lundi au vendredi ainsi que notre carte du lundi au dimanche midi et soir sur \u00a0r\u00e9servation.\u00a0N\u2019oubliez pas nos hamburgers \u00e0 emporter et notre choucroute \u00e0 emporter ou \u00e0 d\u00e9guster sur place, sur r\u00e9servation.","rel":"","context":"Dans &quot;Actualit\u00e9s&quot;","block_context":{"text":"Actualit\u00e9s","link":"https:\/\/puycapel.fr\/index.php\/category\/actuellement\/"},"img":{"alt_text":"","src":"https:\/\/i0.wp.com\/puycapel.fr\/wp-content\/uploads\/2021\/11\/auberge.jpg?resize=350%2C200&ssl=1","width":350,"height":200,"srcset":"https:\/\/i0.wp.com\/puycapel.fr\/wp-content\/uploads\/2021\/11\/auberge.jpg?resize=350%2C200&ssl=1 1x, https:\/\/i0.wp.com\/puycapel.fr\/wp-content\/uploads\/2021\/11\/auberge.jpg?resize=525%2C300&ssl=1 1.5x, https:\/\/i0.wp.com\/puycapel.fr\/wp-content\/uploads\/2021\/11\/auberge.jpg?resize=700%2C400&ssl=1 2x, https:\/\/i0.wp.com\/puycapel.fr\/wp-content\/uploads\/2021\/11\/auberge.jpg?resize=1050%2C600&ssl=1 3x"},"classes":[]},{"id":4592,"url":"https:\/\/puycapel.fr\/index.php\/2021\/07\/12\/auberge-communale-nouveau-burger-a-decouvrir\/","url_meta":{"origin":6299,"position":5},"title":"Auberge communale: nouveau burger \u00e0 d\u00e9couvrir!","author":"Mairie Puycapel","date":"12 juillet 2021","format":false,"excerpt":"","rel":"","context":"Dans &quot;Actualit\u00e9s&quot;","block_context":{"text":"Actualit\u00e9s","link":"https:\/\/puycapel.fr\/index.php\/category\/actuellement\/"},"img":{"alt_text":"","src":"https:\/\/puycapel.fr\/wp-content\/uploads\/2021\/07\/burger.bmp","width":350,"height":200,"srcset":"https:\/\/puycapel.fr\/wp-content\/uploads\/2021\/07\/burger.bmp 1x, https:\/\/puycapel.fr\/wp-content\/uploads\/2021\/07\/burger.bmp 1.5x"},"classes":[]}],"_links":{"self":[{"href":"https:\/\/puycapel.fr\/index.php\/wp-json\/wp\/v2\/posts\/6299","targetHints":{"allow":["GET"]}}],"collection":[{"href":"https:\/\/puycapel.fr\/index.php\/wp-json\/wp\/v2\/posts"}],"about":[{"href":"https:\/\/puycapel.fr\/index.php\/wp-json\/wp\/v2\/types\/post"}],"author":[{"embeddable":true,"href":"https:\/\/puycapel.fr\/index.php\/wp-json\/wp\/v2\/users\/2"}],"replies":[{"embeddable":true,"href":"https:\/\/puycapel.fr\/index.php\/wp-json\/wp\/v2\/comments?post=6299"}],"version-history":[{"count":1,"href":"https:\/\/puycapel.fr\/index.php\/wp-json\/wp\/v2\/posts\/6299\/revisions"}],"predecessor-version":[{"id":6301,"href":"https:\/\/puycapel.fr\/index.php\/wp-json\/wp\/v2\/posts\/6299\/revisions\/6301"}],"wp:attachment":[{"href":"https:\/\/puycapel.fr\/index.php\/wp-json\/wp\/v2\/media?parent=6299"}],"wp:term":[{"taxonomy":"category","embeddable":true,"href":"https:\/\/puycapel.fr\/index.php\/wp-json\/wp\/v2\/categories?post=6299"},{"taxonomy":"post_tag","embeddable":true,"href":"https:\/\/puycapel.fr\/index.php\/wp-json\/wp\/v2\/tags?post=6299"}],"curies":[{"name":"wp","href":"https:\/\/api.w.org\/{rel}","templated":true}]}}