{"id":6541,"date":"2022-03-25T15:02:47","date_gmt":"2022-03-25T14:02:47","guid":{"rendered":"https:\/\/puycapel.fr\/?p=6541"},"modified":"2022-03-25T15:02:47","modified_gmt":"2022-03-25T14:02:47","slug":"compte-rendu-conseil-municipal-du-18-fevrier-2022","status":"publish","type":"post","link":"https:\/\/puycapel.fr\/index.php\/2022\/03\/25\/compte-rendu-conseil-municipal-du-18-fevrier-2022\/","title":{"rendered":"Compte rendu Conseil Municipal du 18 f\u00e9vrier 2022"},"content":{"rendered":"\n<div data-wp-interactive=\"core\/file\" class=\"wp-block-file\"><object data-wp-bind--hidden=\"!state.hasPdfPreview\" hidden class=\"wp-block-file__embed\" data=\"https:\/\/puycapel.fr\/wp-content\/uploads\/2022\/03\/CR-CM-18-02-2022.pdf\" type=\"application\/pdf\" style=\"width:100%;height:600px\" aria-label=\"Contenu embarqu\u00e9 Contenu embarqu\u00e9 CR-CM-18-02-2022..\"><\/object><a id=\"wp-block-file--media-03669cc7-5748-4905-ba7e-9816ee70f10b\" href=\"https:\/\/puycapel.fr\/wp-content\/uploads\/2022\/03\/CR-CM-18-02-2022.pdf\">CR-CM-18-02-2022<\/a><a href=\"https:\/\/puycapel.fr\/wp-content\/uploads\/2022\/03\/CR-CM-18-02-2022.pdf\" class=\"wp-block-file__button\" download aria-describedby=\"wp-block-file--media-03669cc7-5748-4905-ba7e-9816ee70f10b\">T\u00e9l\u00e9charger<\/a><\/div>\n","protected":false},"excerpt":{"rendered":"","protected":false},"author":2,"featured_media":0,"comment_status":"closed","ping_status":"closed","sticky":false,"template":"","format":"standard","meta":{"_exactmetrics_skip_tracking":false,"_exactmetrics_sitenote_active":false,"_exactmetrics_sitenote_note":"","_exactmetrics_sitenote_category":0,"jetpack_post_was_ever_published":false,"_jetpack_newsletter_access":"","_jetpack_dont_email_post_to_subs":false,"_jetpack_newsletter_tier_id":0,"_jetpack_memberships_contains_paywalled_content":false,"_jetpack_memberships_contains_paid_content":false,"footnotes":""},"categories":[29],"tags":[],"class_list":["post-6541","post","type-post","status-publish","format-standard","hentry","category-cr-conseil-municipal"],"jetpack_featured_media_url":"","jetpack_sharing_enabled":true,"jetpack_shortlink":"https:\/\/wp.me\/paADkW-1Hv","jetpack-related-posts":[{"id":7729,"url":"https:\/\/puycapel.fr\/index.php\/2023\/01\/30\/compte-rendu-conseil-municipal-du-18-novembre-23\/","url_meta":{"origin":6541,"position":0},"title":"Compte rendu conseil municipal du 18 novembre 23","author":"Mairie Puycapel","date":"30 janvier 2023","format":false,"excerpt":"CR-CM-18-11-23T\u00e9l\u00e9charger","rel":"","context":"Dans &quot;Comptes rendus du conseil municipal&quot;","block_context":{"text":"Comptes rendus du conseil municipal","link":"https:\/\/puycapel.fr\/index.php\/category\/commune\/cr-conseil-municipal\/"},"img":{"alt_text":"","src":"","width":0,"height":0},"classes":[]},{"id":9915,"url":"https:\/\/puycapel.fr\/index.php\/2025\/03\/27\/compte-rendu-du-cm-du-21-fevrier-2025\/","url_meta":{"origin":6541,"position":1},"title":"Compte-rendu du CM du 21 f\u00e9vrier 2025","author":"Mairie Puycapel","date":"27 mars 2025","format":false,"excerpt":"CR CM 21 02 25T\u00e9l\u00e9charger","rel":"","context":"Dans &quot;Comptes rendus du conseil municipal&quot;","block_context":{"text":"Comptes rendus du conseil municipal","link":"https:\/\/puycapel.fr\/index.php\/category\/commune\/cr-conseil-municipal\/"},"img":{"alt_text":"","src":"","width":0,"height":0},"classes":[]},{"id":6930,"url":"https:\/\/puycapel.fr\/index.php\/2022\/06\/21\/compte-rendu-cm-18-mars-2022\/","url_meta":{"origin":6541,"position":2},"title":"Compte rendu CM 18 mars 2022","author":"Mairie Puycapel","date":"21 juin 2022","format":false,"excerpt":"CRCM-DU-18-03-22T\u00e9l\u00e9charger","rel":"","context":"Dans &quot;Comptes rendus du conseil municipal&quot;","block_context":{"text":"Comptes rendus du conseil municipal","link":"https:\/\/puycapel.fr\/index.php\/category\/commune\/cr-conseil-municipal\/"},"img":{"alt_text":"","src":"","width":0,"height":0},"classes":[]},{"id":6450,"url":"https:\/\/puycapel.fr\/index.php\/2022\/03\/07\/compte-rendu-conseil-municipal-04-fevrier\/","url_meta":{"origin":6541,"position":3},"title":"Compte rendu Conseil Municipal 04 f\u00e9vrier","author":"Mairie Puycapel","date":"7 mars 2022","format":false,"excerpt":"crcm-04-02-22T\u00e9l\u00e9charger","rel":"","context":"Dans &quot;Comptes rendus du conseil municipal&quot;","block_context":{"text":"Comptes rendus du conseil municipal","link":"https:\/\/puycapel.fr\/index.php\/category\/commune\/cr-conseil-municipal\/"},"img":{"alt_text":"","src":"","width":0,"height":0},"classes":[]},{"id":396,"url":"https:\/\/puycapel.fr\/index.php\/2019\/02\/08\/compte-rendu-de-conseil-municipal-du-1er-fevrier-2019\/","url_meta":{"origin":6541,"position":4},"title":"Compte rendu de conseil Municipal du 11 Janvier 2019","author":"Antoine Puech","date":"8 f\u00e9vrier 2019","format":false,"excerpt":"Compte rendu de conseil Municipal du 11 Janvier 2019","rel":"","context":"Dans &quot;Commune&quot;","block_context":{"text":"Commune","link":"https:\/\/puycapel.fr\/index.php\/category\/commune\/"},"img":{"alt_text":"","src":"","width":0,"height":0},"classes":[]},{"id":3870,"url":"https:\/\/puycapel.fr\/index.php\/2021\/04\/16\/compte-rendu-du-conseil-municipal-du-26-fevrier-2021\/","url_meta":{"origin":6541,"position":5},"title":"Compte rendu du conseil municipal du 26 f\u00e9vrier 2021","author":"Mairie Puycapel","date":"16 avril 2021","format":false,"excerpt":"Compte rendu CM 26 02 2021","rel":"","context":"Dans &quot;Comptes rendus du conseil municipal&quot;","block_context":{"text":"Comptes rendus du conseil municipal","link":"https:\/\/puycapel.fr\/index.php\/category\/commune\/cr-conseil-municipal\/"},"img":{"alt_text":"","src":"","width":0,"height":0},"classes":[]}],"_links":{"self":[{"href":"https:\/\/puycapel.fr\/index.php\/wp-json\/wp\/v2\/posts\/6541","targetHints":{"allow":["GET"]}}],"collection":[{"href":"https:\/\/puycapel.fr\/index.php\/wp-json\/wp\/v2\/posts"}],"about":[{"href":"https:\/\/puycapel.fr\/index.php\/wp-json\/wp\/v2\/types\/post"}],"author":[{"embeddable":true,"href":"https:\/\/puycapel.fr\/index.php\/wp-json\/wp\/v2\/users\/2"}],"replies":[{"embeddable":true,"href":"https:\/\/puycapel.fr\/index.php\/wp-json\/wp\/v2\/comments?post=6541"}],"version-history":[{"count":1,"href":"https:\/\/puycapel.fr\/index.php\/wp-json\/wp\/v2\/posts\/6541\/revisions"}],"predecessor-version":[{"id":6543,"href":"https:\/\/puycapel.fr\/index.php\/wp-json\/wp\/v2\/posts\/6541\/revisions\/6543"}],"wp:attachment":[{"href":"https:\/\/puycapel.fr\/index.php\/wp-json\/wp\/v2\/media?parent=6541"}],"wp:term":[{"taxonomy":"category","embeddable":true,"href":"https:\/\/puycapel.fr\/index.php\/wp-json\/wp\/v2\/categories?post=6541"},{"taxonomy":"post_tag","embeddable":true,"href":"https:\/\/puycapel.fr\/index.php\/wp-json\/wp\/v2\/tags?post=6541"}],"curies":[{"name":"wp","href":"https:\/\/api.w.org\/{rel}","templated":true}]}}