{"id":6689,"date":"2022-05-04T11:09:44","date_gmt":"2022-05-04T09:09:44","guid":{"rendered":"https:\/\/puycapel.fr\/?p=6689"},"modified":"2022-05-04T11:09:44","modified_gmt":"2022-05-04T09:09:44","slug":"commemoration-8-mai-1945","status":"publish","type":"post","link":"https:\/\/puycapel.fr\/index.php\/2022\/05\/04\/commemoration-8-mai-1945\/","title":{"rendered":"Comm\u00e9moration 8 mai 1945"},"content":{"rendered":"\n<div data-wp-interactive=\"core\/file\" class=\"wp-block-file\"><object data-wp-bind--hidden=\"!state.hasPdfPreview\" hidden class=\"wp-block-file__embed\" data=\"https:\/\/puycapel.fr\/wp-content\/uploads\/2022\/05\/Affiche-8-mai-2022.pdf\" type=\"application\/pdf\" style=\"width:100%;height:600px\" aria-label=\"Contenu embarqu\u00e9 Contenu embarqu\u00e9 Affiche-8-mai-2022..\"><\/object><a id=\"wp-block-file--media-44686cfd-d7fa-4d0e-a104-c66922bac213\" href=\"https:\/\/puycapel.fr\/wp-content\/uploads\/2022\/05\/Affiche-8-mai-2022.pdf\">Affiche-8-mai-2022<\/a><a href=\"https:\/\/puycapel.fr\/wp-content\/uploads\/2022\/05\/Affiche-8-mai-2022.pdf\" class=\"wp-block-file__button\" download aria-describedby=\"wp-block-file--media-44686cfd-d7fa-4d0e-a104-c66922bac213\">T\u00e9l\u00e9charger<\/a><\/div>\n","protected":false},"excerpt":{"rendered":"","protected":false},"author":2,"featured_media":0,"comment_status":"closed","ping_status":"closed","sticky":false,"template":"","format":"standard","meta":{"_exactmetrics_skip_tracking":false,"_exactmetrics_sitenote_active":false,"_exactmetrics_sitenote_note":"","_exactmetrics_sitenote_category":0,"jetpack_post_was_ever_published":false,"_jetpack_newsletter_access":"","_jetpack_dont_email_post_to_subs":false,"_jetpack_newsletter_tier_id":0,"_jetpack_memberships_contains_paywalled_content":false,"_jetpack_memberships_contains_paid_content":false,"footnotes":""},"categories":[28],"tags":[],"class_list":["post-6689","post","type-post","status-publish","format-standard","hentry","category-actuellement"],"jetpack_featured_media_url":"","jetpack_sharing_enabled":true,"jetpack_shortlink":"https:\/\/wp.me\/paADkW-1JT","jetpack-related-posts":[{"id":6751,"url":"https:\/\/puycapel.fr\/index.php\/2022\/05\/17\/commemoration-de-la-victoire-du-8-mai-1945\/","url_meta":{"origin":6689,"position":0},"title":"COMMEMORATION DE LA VICTOIRE DU 8 MAI 1945","author":"Antoine Puech","date":"17 mai 2022","format":false,"excerpt":"","rel":"","context":"Dans &quot;Actualit\u00e9s&quot;","block_context":{"text":"Actualit\u00e9s","link":"https:\/\/puycapel.fr\/index.php\/category\/actuellement\/"},"img":{"alt_text":"","src":"https:\/\/i0.wp.com\/puycapel.fr\/wp-content\/uploads\/2022\/05\/MOURJOU-8-mai-2022-rotated.jpg?resize=350%2C200","width":350,"height":200,"srcset":"https:\/\/i0.wp.com\/puycapel.fr\/wp-content\/uploads\/2022\/05\/MOURJOU-8-mai-2022-rotated.jpg?resize=350%2C200 1x, https:\/\/i0.wp.com\/puycapel.fr\/wp-content\/uploads\/2022\/05\/MOURJOU-8-mai-2022-rotated.jpg?resize=525%2C300 1.5x, https:\/\/i0.wp.com\/puycapel.fr\/wp-content\/uploads\/2022\/05\/MOURJOU-8-mai-2022-rotated.jpg?resize=700%2C400 2x"},"classes":[]},{"id":10039,"url":"https:\/\/puycapel.fr\/index.php\/2025\/05\/03\/commemoration-de-la-victoire-du-8-mai-1945-2\/","url_meta":{"origin":6689,"position":1},"title":"Comm\u00e9moration de la Victoire du 8 mai 1945","author":"Antoine Puech","date":"3 mai 2025","format":false,"excerpt":"Le jeudi 8 mai 2025\u00a0: \u00e0 10h30 au Monument aux Morts deMOURJOU, \u00e0 11h15 au Monument aux Morts deCALVINET. A l'issue des c\u00e9r\u00e9monies, les participants sont convi\u00e9s \u00e0 un vin d'honneur \u00e0 la salle des f\u00eates de Calvinet","rel":"","context":"Dans &quot;Actualit\u00e9s&quot;","block_context":{"text":"Actualit\u00e9s","link":"https:\/\/puycapel.fr\/index.php\/category\/actuellement\/"},"img":{"alt_text":"","src":"https:\/\/i0.wp.com\/puycapel.fr\/wp-content\/uploads\/2025\/05\/image.png?resize=350%2C200&ssl=1","width":350,"height":200,"srcset":"https:\/\/i0.wp.com\/puycapel.fr\/wp-content\/uploads\/2025\/05\/image.png?resize=350%2C200&ssl=1 1x, https:\/\/i0.wp.com\/puycapel.fr\/wp-content\/uploads\/2025\/05\/image.png?resize=525%2C300&ssl=1 1.5x"},"classes":[]},{"id":927,"url":"https:\/\/puycapel.fr\/index.php\/2019\/05\/05\/commemoration-du-8-mai-1945\/","url_meta":{"origin":6689,"position":2},"title":"COMMEMORATION DU 8 MAI 1945","author":"Antoine Puech","date":"5 mai 2019","format":false,"excerpt":"COMMEMORATION DU 8 MAI 1945 mercredi 8 mai 2019 \u00e0 11h00 au Monument aux Morts de CALVINET","rel":"","context":"Dans &quot;Commune&quot;","block_context":{"text":"Commune","link":"https:\/\/puycapel.fr\/index.php\/category\/commune\/"},"img":{"alt_text":"","src":"https:\/\/i0.wp.com\/puycapel.fr\/wp-content\/uploads\/2019\/05\/8MAI.jpg?resize=350%2C200&ssl=1","width":350,"height":200},"classes":[]},{"id":8051,"url":"https:\/\/puycapel.fr\/index.php\/2023\/05\/10\/photo-et-messages-des-ceremonies-de-commemoration-du-8-mai-1945-a-puycapel\/","url_meta":{"origin":6689,"position":3},"title":"Photos et messages des c\u00e9r\u00e9monies de comm\u00e9moration du 8 mai 1945 \u00e0 Puycapel","author":"Antoine Puech","date":"10 mai 2023","format":false,"excerpt":"MESSAGE-DE-S.-LECORNU-ministre-des-Armees-08-05-2023T\u00e9l\u00e9charger MESSAGE-DE-LUFAC-08-05-2023T\u00e9l\u00e9charger","rel":"","context":"Dans &quot;Actualit\u00e9s&quot;","block_context":{"text":"Actualit\u00e9s","link":"https:\/\/puycapel.fr\/index.php\/category\/actuellement\/"},"img":{"alt_text":"","src":"https:\/\/i0.wp.com\/puycapel.fr\/wp-content\/uploads\/2023\/05\/MOURJOU-8-MAI-2023-2-rotated.jpg?resize=350%2C200&ssl=1","width":350,"height":200,"srcset":"https:\/\/i0.wp.com\/puycapel.fr\/wp-content\/uploads\/2023\/05\/MOURJOU-8-MAI-2023-2-rotated.jpg?resize=350%2C200&ssl=1 1x, https:\/\/i0.wp.com\/puycapel.fr\/wp-content\/uploads\/2023\/05\/MOURJOU-8-MAI-2023-2-rotated.jpg?resize=525%2C300&ssl=1 1.5x, https:\/\/i0.wp.com\/puycapel.fr\/wp-content\/uploads\/2023\/05\/MOURJOU-8-MAI-2023-2-rotated.jpg?resize=700%2C400&ssl=1 2x"},"classes":[]},{"id":2469,"url":"https:\/\/puycapel.fr\/index.php\/2020\/05\/08\/covid-19-commemoration-du-8-mai-1945\/","url_meta":{"origin":6689,"position":4},"title":"COVID 19 &#8211; COMMEMORATION DU 8 MAI 1945","author":"Antoine Puech","date":"8 mai 2020","format":false,"excerpt":"En raison de la crise sanitaire, les c\u00e9r\u00e9monies de comm\u00e9moration du 75\u00e8me anniversaire de la Victoire du 8 mai 1945 ont \u00e9t\u00e9 annul\u00e9es.Conform\u00e9ment \u00e0 la suggestion de madame\u00a0 la Ministre de la D\u00e9fense, un d\u00e9p\u00f4t de gerbes devant chacun des Monuments aux Morts de la commune a \u00e9t\u00e9 effectu\u00e9 ce\u2026","rel":"","context":"Dans &quot;Actualit\u00e9s&quot;","block_context":{"text":"Actualit\u00e9s","link":"https:\/\/puycapel.fr\/index.php\/category\/actuellement\/"},"img":{"alt_text":"","src":"https:\/\/i0.wp.com\/puycapel.fr\/wp-content\/uploads\/2020\/05\/IMG_0542.jpg?resize=350%2C200&ssl=1","width":350,"height":200,"srcset":"https:\/\/i0.wp.com\/puycapel.fr\/wp-content\/uploads\/2020\/05\/IMG_0542.jpg?resize=350%2C200&ssl=1 1x, https:\/\/i0.wp.com\/puycapel.fr\/wp-content\/uploads\/2020\/05\/IMG_0542.jpg?resize=525%2C300&ssl=1 1.5x"},"classes":[]},{"id":982,"url":"https:\/\/puycapel.fr\/index.php\/2019\/05\/12\/photos-des-ceremonies-de-commemoration-du-8-mai-1945\/","url_meta":{"origin":6689,"position":5},"title":"photos des c\u00e9r\u00e9monies de comm\u00e9moration du 8 mai 1945","author":"Antoine Puech","date":"12 mai 2019","format":false,"excerpt":"MourjouCalvinetCalvinet","rel":"","context":"Dans &quot;Commune&quot;","block_context":{"text":"Commune","link":"https:\/\/puycapel.fr\/index.php\/category\/commune\/"},"img":{"alt_text":"","src":"https:\/\/i0.wp.com\/puycapel.fr\/wp-content\/uploads\/2019\/05\/mourjou.jpg?resize=350%2C200","width":350,"height":200,"srcset":"https:\/\/i0.wp.com\/puycapel.fr\/wp-content\/uploads\/2019\/05\/mourjou.jpg?resize=350%2C200 1x, https:\/\/i0.wp.com\/puycapel.fr\/wp-content\/uploads\/2019\/05\/mourjou.jpg?resize=525%2C300 1.5x, https:\/\/i0.wp.com\/puycapel.fr\/wp-content\/uploads\/2019\/05\/mourjou.jpg?resize=700%2C400 2x, https:\/\/i0.wp.com\/puycapel.fr\/wp-content\/uploads\/2019\/05\/mourjou.jpg?resize=1050%2C600 3x, https:\/\/i0.wp.com\/puycapel.fr\/wp-content\/uploads\/2019\/05\/mourjou.jpg?resize=1400%2C800 4x"},"classes":[]}],"_links":{"self":[{"href":"https:\/\/puycapel.fr\/index.php\/wp-json\/wp\/v2\/posts\/6689","targetHints":{"allow":["GET"]}}],"collection":[{"href":"https:\/\/puycapel.fr\/index.php\/wp-json\/wp\/v2\/posts"}],"about":[{"href":"https:\/\/puycapel.fr\/index.php\/wp-json\/wp\/v2\/types\/post"}],"author":[{"embeddable":true,"href":"https:\/\/puycapel.fr\/index.php\/wp-json\/wp\/v2\/users\/2"}],"replies":[{"embeddable":true,"href":"https:\/\/puycapel.fr\/index.php\/wp-json\/wp\/v2\/comments?post=6689"}],"version-history":[{"count":1,"href":"https:\/\/puycapel.fr\/index.php\/wp-json\/wp\/v2\/posts\/6689\/revisions"}],"predecessor-version":[{"id":6691,"href":"https:\/\/puycapel.fr\/index.php\/wp-json\/wp\/v2\/posts\/6689\/revisions\/6691"}],"wp:attachment":[{"href":"https:\/\/puycapel.fr\/index.php\/wp-json\/wp\/v2\/media?parent=6689"}],"wp:term":[{"taxonomy":"category","embeddable":true,"href":"https:\/\/puycapel.fr\/index.php\/wp-json\/wp\/v2\/categories?post=6689"},{"taxonomy":"post_tag","embeddable":true,"href":"https:\/\/puycapel.fr\/index.php\/wp-json\/wp\/v2\/tags?post=6689"}],"curies":[{"name":"wp","href":"https:\/\/api.w.org\/{rel}","templated":true}]}}