{"id":6776,"date":"2022-05-23T09:13:13","date_gmt":"2022-05-23T07:13:13","guid":{"rendered":"https:\/\/puycapel.fr\/?p=6776"},"modified":"2022-05-23T09:13:13","modified_gmt":"2022-05-23T07:13:13","slug":"fermeture-du-secretariat-de-mairie-2","status":"publish","type":"post","link":"https:\/\/puycapel.fr\/index.php\/2022\/05\/23\/fermeture-du-secretariat-de-mairie-2\/","title":{"rendered":"Fermeture du secr\u00e9tariat de mairie"},"content":{"rendered":"\n<p>Le secr\u00e9tariat de mairie sera exceptionnellement FERME, ce vendredi 27 mai.<\/p>\n","protected":false},"excerpt":{"rendered":"<p>Le secr\u00e9tariat de mairie sera exceptionnellement FERME, ce vendredi 27 mai.<\/p>\n","protected":false},"author":2,"featured_media":0,"comment_status":"closed","ping_status":"closed","sticky":false,"template":"","format":"standard","meta":{"_exactmetrics_skip_tracking":false,"_exactmetrics_sitenote_active":false,"_exactmetrics_sitenote_note":"","_exactmetrics_sitenote_category":0,"jetpack_post_was_ever_published":false,"_jetpack_newsletter_access":"","_jetpack_dont_email_post_to_subs":false,"_jetpack_newsletter_tier_id":0,"_jetpack_memberships_contains_paywalled_content":false,"_jetpack_memberships_contains_paid_content":false,"footnotes":""},"categories":[28],"tags":[],"class_list":["post-6776","post","type-post","status-publish","format-standard","hentry","category-actuellement"],"jetpack_featured_media_url":"","jetpack_sharing_enabled":true,"jetpack_shortlink":"https:\/\/wp.me\/paADkW-1Li","jetpack-related-posts":[{"id":6594,"url":"https:\/\/puycapel.fr\/index.php\/2022\/04\/05\/fermeture-secretariat\/","url_meta":{"origin":6776,"position":0},"title":"Fermeture secr\u00e9tariat","author":"Mairie Puycapel","date":"5 avril 2022","format":false,"excerpt":"Le secr\u00e9tariat de mairie sera exceptionnellement FERME vendredi 08 avril apr\u00e8s-midi.","rel":"","context":"Dans &quot;Actualit\u00e9s&quot;","block_context":{"text":"Actualit\u00e9s","link":"https:\/\/puycapel.fr\/index.php\/category\/actuellement\/"},"img":{"alt_text":"","src":"","width":0,"height":0},"classes":[]},{"id":9185,"url":"https:\/\/puycapel.fr\/index.php\/2024\/05\/29\/fermeture-secretariat-de-mairie-4\/","url_meta":{"origin":6776,"position":1},"title":"Fermeture secr\u00e9tariat de mairie","author":"Mairie Puycapel","date":"29 mai 2024","format":false,"excerpt":"Le secr\u00e9tariat de Mairie de Mourjou sera ferm\u00e9 jeudi 30 mai en raison d'une formation. Le secr\u00e9tariat de Mairie de Calvinet sera ferm\u00e9 le vendredi 07 juin pour la pr\u00e9paration des \u00e9lections europ\u00e9ennes.","rel":"","context":"Dans &quot;Actualit\u00e9s&quot;","block_context":{"text":"Actualit\u00e9s","link":"https:\/\/puycapel.fr\/index.php\/category\/actuellement\/"},"img":{"alt_text":"","src":"","width":0,"height":0},"classes":[]},{"id":7910,"url":"https:\/\/puycapel.fr\/index.php\/2023\/03\/27\/fermeture-du-secretariat-31-mars\/","url_meta":{"origin":6776,"position":2},"title":"Fermeture du secr\u00e9tariat: 31 mars","author":"Mairie Puycapel","date":"27 mars 2023","format":false,"excerpt":"Le secr\u00e9tariat de mairie (Mourjou et Calvinet) sera FERME vendredi 31 mars toute la journ\u00e9e.","rel":"","context":"Dans &quot;Actualit\u00e9s&quot;","block_context":{"text":"Actualit\u00e9s","link":"https:\/\/puycapel.fr\/index.php\/category\/actuellement\/"},"img":{"alt_text":"","src":"","width":0,"height":0},"classes":[]},{"id":6197,"url":"https:\/\/puycapel.fr\/index.php\/2021\/12\/24\/fermeture-du-secretariat-2\/","url_meta":{"origin":6776,"position":3},"title":"Fermeture du secr\u00e9tariat","author":"Mairie Puycapel","date":"24 d\u00e9cembre 2021","format":false,"excerpt":"Le secr\u00e9tariat de mairie sera ferm\u00e9 pendant cette p\u00e9riode de f\u00eate, comme suit: *MOURJOU (matin) : vendredi 24 d\u00e9cembre, lundi 27 d\u00e9cembre et mardi 28 d\u00e9cembre. *CALVINET (apr\u00e8s-midi): jeudi 23 d\u00e9cembre et mardi 28 d\u00e9cembre.","rel":"","context":"Dans &quot;Actualit\u00e9s&quot;","block_context":{"text":"Actualit\u00e9s","link":"https:\/\/puycapel.fr\/index.php\/category\/actuellement\/"},"img":{"alt_text":"","src":"","width":0,"height":0},"classes":[]},{"id":10785,"url":"https:\/\/puycapel.fr\/index.php\/2026\/02\/11\/fermeture-secretariat-2\/","url_meta":{"origin":6776,"position":4},"title":"Fermeture secr\u00e9tariat","author":"Mairie Puycapel","date":"11 f\u00e9vrier 2026","format":false,"excerpt":"Le secr\u00e9tariat de Mairie de Mourjou est FERME : mardi 10 f\u00e9vrier vendredi 13 f\u00e9vrier jeudi 18 f\u00e9vrier vendredi 19 f\u00e9vrier Le secr\u00e9tariat de Mairie de Calvinet est FERME : jeudi 18 f\u00e9vrier vendredi 19 f\u00e9vrier","rel":"","context":"Dans &quot;Actualit\u00e9s&quot;","block_context":{"text":"Actualit\u00e9s","link":"https:\/\/puycapel.fr\/index.php\/category\/actuellement\/"},"img":{"alt_text":"","src":"","width":0,"height":0},"classes":[]},{"id":7490,"url":"https:\/\/puycapel.fr\/index.php\/2022\/11\/07\/fermeture-secretariat-de-mairie-2\/","url_meta":{"origin":6776,"position":5},"title":"Fermeture exceptionnelle du secr\u00e9tariat de Mairie","author":"Mairie Puycapel","date":"7 novembre 2022","format":false,"excerpt":"Le secr\u00e9tariat de mairie sera FERME (Mourjou et Calvinet), mardi 15 novembre en raison d'une r\u00e9union de travail relative au recensement de la population. Merci de votre compr\u00e9hension.","rel":"","context":"Dans &quot;Actualit\u00e9s&quot;","block_context":{"text":"Actualit\u00e9s","link":"https:\/\/puycapel.fr\/index.php\/category\/actuellement\/"},"img":{"alt_text":"","src":"","width":0,"height":0},"classes":[]}],"_links":{"self":[{"href":"https:\/\/puycapel.fr\/index.php\/wp-json\/wp\/v2\/posts\/6776","targetHints":{"allow":["GET"]}}],"collection":[{"href":"https:\/\/puycapel.fr\/index.php\/wp-json\/wp\/v2\/posts"}],"about":[{"href":"https:\/\/puycapel.fr\/index.php\/wp-json\/wp\/v2\/types\/post"}],"author":[{"embeddable":true,"href":"https:\/\/puycapel.fr\/index.php\/wp-json\/wp\/v2\/users\/2"}],"replies":[{"embeddable":true,"href":"https:\/\/puycapel.fr\/index.php\/wp-json\/wp\/v2\/comments?post=6776"}],"version-history":[{"count":1,"href":"https:\/\/puycapel.fr\/index.php\/wp-json\/wp\/v2\/posts\/6776\/revisions"}],"predecessor-version":[{"id":6777,"href":"https:\/\/puycapel.fr\/index.php\/wp-json\/wp\/v2\/posts\/6776\/revisions\/6777"}],"wp:attachment":[{"href":"https:\/\/puycapel.fr\/index.php\/wp-json\/wp\/v2\/media?parent=6776"}],"wp:term":[{"taxonomy":"category","embeddable":true,"href":"https:\/\/puycapel.fr\/index.php\/wp-json\/wp\/v2\/categories?post=6776"},{"taxonomy":"post_tag","embeddable":true,"href":"https:\/\/puycapel.fr\/index.php\/wp-json\/wp\/v2\/tags?post=6776"}],"curies":[{"name":"wp","href":"https:\/\/api.w.org\/{rel}","templated":true}]}}