{"id":6990,"date":"2022-07-01T08:58:54","date_gmt":"2022-07-01T06:58:54","guid":{"rendered":"https:\/\/puycapel.fr\/?p=6990"},"modified":"2022-07-01T09:00:01","modified_gmt":"2022-07-01T07:00:01","slug":"mediatheque-horaires-dete","status":"publish","type":"post","link":"https:\/\/puycapel.fr\/index.php\/2022\/07\/01\/mediatheque-horaires-dete\/","title":{"rendered":"M\u00e9diath\u00e8que: horaires d&rsquo;\u00e9t\u00e9"},"content":{"rendered":"\n<p class=\"has-text-align-center has-pale-cyan-blue-background-color has-background\"><strong><em>A partir du 11 juillet jusqu&rsquo;au 31 ao\u00fbt <\/em><\/strong><\/p>\n\n\n\n<p class=\"has-pale-cyan-blue-background-color has-background\"><strong>Horaires d&rsquo;ouverture\u00a0<\/strong>:<\/p>\n\n\n\n<p class=\"has-pale-cyan-blue-background-color has-background\">mardi : 14h30 \/ 17h30\u00a0<\/p>\n\n\n\n<p class=\"has-pale-cyan-blue-background-color has-background\">mercredi , jeudi , samedi : 14h \/ 17h30<\/p>\n\n\n\n<p class=\"has-text-align-left has-black-color has-luminous-vivid-amber-background-color has-text-color has-background\"><strong>Fermeture samedi 16 Juillet<\/strong>\u00a0<\/p>\n\n\n\n<p class=\"has-text-align-left has-black-color has-luminous-vivid-amber-background-color has-text-color has-background\">Fermeture du 16 ao\u00fbt au 27 ao\u00fbt inclus&nbsp;<\/p>\n\n\n\n<p class=\"has-text-align-left has-black-color has-luminous-vivid-amber-background-color has-text-color has-background\">r\u00e9ouverture Mardi 30 aout \u00e0 14h30&nbsp;<\/p>\n","protected":false},"excerpt":{"rendered":"<p>A partir du 11 juillet jusqu&rsquo;au 31 ao\u00fbt Horaires d&rsquo;ouverture\u00a0: mardi : 14h30 \/ 17h30\u00a0 mercredi , jeudi , samedi : 14h \/ 17h30 Fermeture samedi 16 Juillet\u00a0 Fermeture du 16 ao\u00fbt au 27 ao\u00fbt inclus&nbsp; r\u00e9ouverture Mardi 30 aout \u00e0 14h30&nbsp;<\/p>\n","protected":false},"author":2,"featured_media":0,"comment_status":"closed","ping_status":"closed","sticky":false,"template":"","format":"standard","meta":{"_exactmetrics_skip_tracking":false,"_exactmetrics_sitenote_active":false,"_exactmetrics_sitenote_note":"","_exactmetrics_sitenote_category":0,"jetpack_post_was_ever_published":false,"_jetpack_newsletter_access":"","_jetpack_dont_email_post_to_subs":false,"_jetpack_newsletter_tier_id":0,"_jetpack_memberships_contains_paywalled_content":false,"_jetpack_memberships_contains_paid_content":false,"footnotes":""},"categories":[28],"tags":[],"class_list":["post-6990","post","type-post","status-publish","format-standard","hentry","category-actuellement"],"jetpack_featured_media_url":"","jetpack_sharing_enabled":true,"jetpack_shortlink":"https:\/\/wp.me\/paADkW-1OK","jetpack-related-posts":[{"id":9353,"url":"https:\/\/puycapel.fr\/index.php\/2024\/07\/25\/theatre-de-rue-mercredi-31-juillet-19h00\/","url_meta":{"origin":6990,"position":0},"title":"Th\u00e9\u00e2tre de rue : mercredi 31 juillet 19h00","author":"Mairie Puycapel","date":"25 juillet 2024","format":false,"excerpt":"\u00e0 proximit\u00e9 de la salle des f\u00eates de Mourjou - route ferm\u00e9e entre la m\u00e9diath\u00e8que et la place de la mairie de 17h30 \u00e0 22h - d\u00e9viation par l'ancienne route de Jalenques - Parking place de la mairie.","rel":"","context":"Dans &quot;Actualit\u00e9s&quot;","block_context":{"text":"Actualit\u00e9s","link":"https:\/\/puycapel.fr\/index.php\/category\/actuellement\/"},"img":{"alt_text":"","src":"https:\/\/i0.wp.com\/puycapel.fr\/wp-content\/uploads\/2024\/07\/theatre-de-rue_page.jpg?resize=350%2C200&ssl=1","width":350,"height":200,"srcset":"https:\/\/i0.wp.com\/puycapel.fr\/wp-content\/uploads\/2024\/07\/theatre-de-rue_page.jpg?resize=350%2C200&ssl=1 1x, https:\/\/i0.wp.com\/puycapel.fr\/wp-content\/uploads\/2024\/07\/theatre-de-rue_page.jpg?resize=525%2C300&ssl=1 1.5x, https:\/\/i0.wp.com\/puycapel.fr\/wp-content\/uploads\/2024\/07\/theatre-de-rue_page.jpg?resize=700%2C400&ssl=1 2x, https:\/\/i0.wp.com\/puycapel.fr\/wp-content\/uploads\/2024\/07\/theatre-de-rue_page.jpg?resize=1050%2C600&ssl=1 3x, https:\/\/i0.wp.com\/puycapel.fr\/wp-content\/uploads\/2024\/07\/theatre-de-rue_page.jpg?resize=1400%2C800&ssl=1 4x"},"classes":[]},{"id":9346,"url":"https:\/\/puycapel.fr\/index.php\/2024\/07\/25\/arrete-de-circulation-theatre-de-rue\/","url_meta":{"origin":6990,"position":1},"title":"Arr\u00eat\u00e9 de circulation : th\u00e9\u00e2tre de rue","author":"Mairie Puycapel","date":"25 juillet 2024","format":false,"excerpt":"En raison d'un spectacle de th\u00e9\u00e2tre de rue MERCREDI 31 JUILLET \u00e0 proximit\u00e9 de la salle des f\u00eates de Mourjou, la circulation est interdite dans le bourg de 17h30 \u00e0 22h00. 20240723090153721T\u00e9l\u00e9charger","rel":"","context":"Dans &quot;Actualit\u00e9s&quot;","block_context":{"text":"Actualit\u00e9s","link":"https:\/\/puycapel.fr\/index.php\/category\/actuellement\/"},"img":{"alt_text":"","src":"","width":0,"height":0},"classes":[]},{"id":2727,"url":"https:\/\/puycapel.fr\/index.php\/2020\/07\/20\/fete-autrement-marche-bio-artisanal-local-ce-samedi-25-juillet-2020\/","url_meta":{"origin":6990,"position":2},"title":"F\u00eate Autrement : MARCHE BIO, ARTISANAL &#038; LOCAL ce Samedi 25 JUILLET 2020","author":"Antoine Puech","date":"20 juillet 2020","format":false,"excerpt":"serfouette-march\u00e9-2020T\u00e9l\u00e9charger","rel":"","context":"Dans &quot;Actualit\u00e9s&quot;","block_context":{"text":"Actualit\u00e9s","link":"https:\/\/puycapel.fr\/index.php\/category\/actuellement\/"},"img":{"alt_text":"","src":"https:\/\/i0.wp.com\/puycapel.fr\/wp-content\/uploads\/2020\/07\/serfouette-march%C3%A9-2020.jpg?resize=350%2C200&ssl=1","width":350,"height":200,"srcset":"https:\/\/i0.wp.com\/puycapel.fr\/wp-content\/uploads\/2020\/07\/serfouette-march%C3%A9-2020.jpg?resize=350%2C200&ssl=1 1x, https:\/\/i0.wp.com\/puycapel.fr\/wp-content\/uploads\/2020\/07\/serfouette-march%C3%A9-2020.jpg?resize=525%2C300&ssl=1 1.5x"},"classes":[]},{"id":6959,"url":"https:\/\/puycapel.fr\/index.php\/2022\/06\/30\/fermeture-secretariat-mourjou\/","url_meta":{"origin":6990,"position":3},"title":"Fermeture secr\u00e9tariat &#8211; Mourjou","author":"Mairie Puycapel","date":"30 juin 2022","format":false,"excerpt":"Le secr\u00e9tariat de Mairie de MOURJOU \u00a0\u00a0\u00a0\u00a0\u00a0\u00a0\u00a0\u00a0 sera FERME, Mardi 05 juilletJeudi 07 juilletMardi 12 juillet Le secr\u00e9tariat de CALVINET est ouvert aux horaires habituels ces jours l\u00e0.","rel":"","context":"Dans &quot;Actualit\u00e9s&quot;","block_context":{"text":"Actualit\u00e9s","link":"https:\/\/puycapel.fr\/index.php\/category\/actuellement\/"},"img":{"alt_text":"","src":"","width":0,"height":0},"classes":[]},{"id":4610,"url":"https:\/\/puycapel.fr\/index.php\/2021\/07\/15\/fete-autrement-samedi-25-juillet\/","url_meta":{"origin":6990,"position":4},"title":"F\u00eate autrement","author":"Mairie Puycapel","date":"15 juillet 2021","format":false,"excerpt":"","rel":"","context":"Dans &quot;Actualit\u00e9s&quot;","block_context":{"text":"Actualit\u00e9s","link":"https:\/\/puycapel.fr\/index.php\/category\/actuellement\/"},"img":{"alt_text":"","src":"https:\/\/puycapel.fr\/wp-content\/uploads\/2021\/07\/fete-autrement.bmp","width":350,"height":200,"srcset":"https:\/\/puycapel.fr\/wp-content\/uploads\/2021\/07\/fete-autrement.bmp 1x, https:\/\/puycapel.fr\/wp-content\/uploads\/2021\/07\/fete-autrement.bmp 1.5x"},"classes":[]},{"id":7928,"url":"https:\/\/puycapel.fr\/index.php\/2023\/04\/05\/ateliers-dinitiation-au-compostage\/","url_meta":{"origin":6990,"position":5},"title":"Ateliers d&rsquo;initiation au compostage","author":"Mairie Puycapel","date":"5 avril 2023","format":false,"excerpt":"Des ateliers d\u2019initiation \u00e0 la pratique du compostage domestique seront propos\u00e9s, par la Communaut\u00e9 de Communes, sur inscription en avril, avec possibilit\u00e9 de r\u00e9cup\u00e9rer son composteur pr\u00e9alablement command\u00e9\u00a0: - samedi 08 avril \u2013 10h00-12h00 \u2013 Maison France Services de Maurs\u00a0; - samedi 08 avril \u2013 15h30-17h30 \u2013 Maison France Services\u2026","rel":"","context":"Dans &quot;Actualit\u00e9s&quot;","block_context":{"text":"Actualit\u00e9s","link":"https:\/\/puycapel.fr\/index.php\/category\/actuellement\/"},"img":{"alt_text":"","src":"","width":0,"height":0},"classes":[]}],"_links":{"self":[{"href":"https:\/\/puycapel.fr\/index.php\/wp-json\/wp\/v2\/posts\/6990","targetHints":{"allow":["GET"]}}],"collection":[{"href":"https:\/\/puycapel.fr\/index.php\/wp-json\/wp\/v2\/posts"}],"about":[{"href":"https:\/\/puycapel.fr\/index.php\/wp-json\/wp\/v2\/types\/post"}],"author":[{"embeddable":true,"href":"https:\/\/puycapel.fr\/index.php\/wp-json\/wp\/v2\/users\/2"}],"replies":[{"embeddable":true,"href":"https:\/\/puycapel.fr\/index.php\/wp-json\/wp\/v2\/comments?post=6990"}],"version-history":[{"count":4,"href":"https:\/\/puycapel.fr\/index.php\/wp-json\/wp\/v2\/posts\/6990\/revisions"}],"predecessor-version":[{"id":6994,"href":"https:\/\/puycapel.fr\/index.php\/wp-json\/wp\/v2\/posts\/6990\/revisions\/6994"}],"wp:attachment":[{"href":"https:\/\/puycapel.fr\/index.php\/wp-json\/wp\/v2\/media?parent=6990"}],"wp:term":[{"taxonomy":"category","embeddable":true,"href":"https:\/\/puycapel.fr\/index.php\/wp-json\/wp\/v2\/categories?post=6990"},{"taxonomy":"post_tag","embeddable":true,"href":"https:\/\/puycapel.fr\/index.php\/wp-json\/wp\/v2\/tags?post=6990"}],"curies":[{"name":"wp","href":"https:\/\/api.w.org\/{rel}","templated":true}]}}