{"id":7651,"date":"2023-01-01T01:03:00","date_gmt":"2023-01-01T00:03:00","guid":{"rendered":"https:\/\/puycapel.fr\/?p=7651"},"modified":"2022-12-30T10:17:55","modified_gmt":"2022-12-30T09:17:55","slug":"bonne-annee-2023","status":"publish","type":"post","link":"https:\/\/puycapel.fr\/index.php\/2023\/01\/01\/bonne-annee-2023\/","title":{"rendered":"Bonne ann\u00e9e 2023!"},"content":{"rendered":"\n<figure class=\"wp-block-video\"><video height=\"396\" style=\"aspect-ratio: 556 \/ 396;\" width=\"556\" autoplay controls loop src=\"https:\/\/puycapel.fr\/wp-content\/uploads\/2022\/12\/3-2.mp4\"><\/video><\/figure>\n","protected":false},"excerpt":{"rendered":"","protected":false},"author":3,"featured_media":0,"comment_status":"closed","ping_status":"closed","sticky":false,"template":"","format":"standard","meta":{"_exactmetrics_skip_tracking":false,"_exactmetrics_sitenote_active":false,"_exactmetrics_sitenote_note":"","_exactmetrics_sitenote_category":0,"jetpack_post_was_ever_published":false,"_jetpack_newsletter_access":"","_jetpack_dont_email_post_to_subs":false,"_jetpack_newsletter_tier_id":0,"_jetpack_memberships_contains_paywalled_content":false,"_jetpack_memberships_contains_paid_content":false,"footnotes":""},"categories":[28],"tags":[],"class_list":["post-7651","post","type-post","status-publish","format-standard","hentry","category-actuellement"],"jetpack_featured_media_url":"","jetpack_sharing_enabled":true,"jetpack_shortlink":"https:\/\/wp.me\/paADkW-1Zp","jetpack-related-posts":[{"id":8370,"url":"https:\/\/puycapel.fr\/index.php\/2023\/08\/18\/canicule-adoptez-les-bons-reflexes\/","url_meta":{"origin":7651,"position":0},"title":"CANICULE, ADOPTEZ LES BONS REFLEXES","author":"Mairie Puycapel","date":"18 ao\u00fbt 2023","format":false,"excerpt":"caniculeT\u00e9l\u00e9charger","rel":"","context":"Dans &quot;Actualit\u00e9s&quot;","block_context":{"text":"Actualit\u00e9s","link":"https:\/\/puycapel.fr\/index.php\/category\/actuellement\/"},"img":{"alt_text":"","src":"","width":0,"height":0},"classes":[]},{"id":8121,"url":"https:\/\/puycapel.fr\/index.php\/2023\/06\/06\/entrainements-petanque\/","url_meta":{"origin":7651,"position":1},"title":"ENTRAINEMENTS PETANQUE","author":"Mairie Puycapel","date":"6 juin 2023","format":false,"excerpt":"Rejoignez Calvinet P\u00e9tanque pour passer de bons instants de convivialit\u00e9 les lundis et vendredis \u00e0 partir de 20h00. affiche-petanque-entrainementT\u00e9l\u00e9charger","rel":"","context":"Dans &quot;Actualit\u00e9s&quot;","block_context":{"text":"Actualit\u00e9s","link":"https:\/\/puycapel.fr\/index.php\/category\/actuellement\/"},"img":{"alt_text":"","src":"","width":0,"height":0},"classes":[]},{"id":8383,"url":"https:\/\/puycapel.fr\/index.php\/2023\/09\/02\/horaire-garderie\/","url_meta":{"origin":7651,"position":2},"title":"Modification de l&rsquo;horaire de d\u00e9marrage de la garderie","author":"Antoine Puech","date":"2 septembre 2023","format":false,"excerpt":"La garderie du matin \u00e0 Calvinet commencera \u00e0 7h20 au lieu de 7h30 Cette modification permet d'aligner les horaires d'ouverture de la garderie et de d\u00e9part du bus pour les coll\u00e9giens \u00e0 Montsalvy. Bonne rentr\u00e9e \u00e0 tous les \u00e9coliers ! Travaillez bien !","rel":"","context":"Dans &quot;Actualit\u00e9s&quot;","block_context":{"text":"Actualit\u00e9s","link":"https:\/\/puycapel.fr\/index.php\/category\/actuellement\/"},"img":{"alt_text":"","src":"","width":0,"height":0},"classes":[]},{"id":7857,"url":"https:\/\/puycapel.fr\/index.php\/2023\/03\/20\/amelioration-de-la-couverture-de-telephonie-mobile\/","url_meta":{"origin":7651,"position":3},"title":"Am\u00e9lioration de la couverture de t\u00e9l\u00e9phonie mobile","author":"Mairie Puycapel","date":"20 mars 2023","format":false,"excerpt":"En janvier 2018, le gouvernement, l'ARCEP et les op\u00e9rateurs mobiles ont sign\u00e9 un accord pour acc\u00e9l\u00e9rer la couverture num\u00e9rique dans tous les territoires. Chaque ann\u00e9e, un arr\u00eat\u00e9 minist\u00e9riel recense les zones \u00e0 couvrir dans un d\u00e9lai de vingt-quatre mois \u00e0 compter de sa publication. Le lieu-dit\u00a0L'Hermite,\u00a0Mourjou, commune de Puycapel (section\u2026","rel":"","context":"Dans &quot;Actualit\u00e9s&quot;","block_context":{"text":"Actualit\u00e9s","link":"https:\/\/puycapel.fr\/index.php\/category\/actuellement\/"},"img":{"alt_text":"","src":"","width":0,"height":0},"classes":[]},{"id":8162,"url":"https:\/\/puycapel.fr\/index.php\/2023\/06\/18\/calvinet-patimoine-nettoyage-des-chemins-le-vendredi-23-juin\/","url_meta":{"origin":7651,"position":4},"title":"CALVINET PATIMOINE : NETTOYAGE DES CHEMINS LE VENDREDI 23 JUIN","author":"Antoine Puech","date":"18 juin 2023","format":false,"excerpt":"Appel \u00e0 toutes les personnes de bonne volont\u00e9 pour venir aider au NETTOYAGE DES CHEMINS LE VENDREDI 23 JUIN, rendez-vous \u00e0 9 h place du cimeti\u00e8re de Calvinet. Travaux \u00e0 effectuer : Puy Majou, Puy Capel, sentier de Pas Vinzelin. Le nettoyage sera suivi d\u2019un casse-croute, venez nombreux. Merci \u00e0\u2026","rel":"","context":"Dans &quot;Actualit\u00e9s&quot;","block_context":{"text":"Actualit\u00e9s","link":"https:\/\/puycapel.fr\/index.php\/category\/actuellement\/"},"img":{"alt_text":"","src":"","width":0,"height":0},"classes":[]},{"id":7925,"url":"https:\/\/puycapel.fr\/index.php\/2023\/04\/02\/point-info-famille\/","url_meta":{"origin":7651,"position":5},"title":"Point info famille","author":"Antoine Puech","date":"2 avril 2023","format":false,"excerpt":"\u00a0 DU nouveau sur le site de point info familleCa se passe pr\u00e8s de chez vous...Comment poser les limites \u00e0 mon enfant en ayant une posture bienveillante ? Alexia Lamaz\u00e8re, formatrice en communication non violente et en psychop\u00e9dagogie positive pour l\u2019IFMAN, nous accompagnera dans cette r\u00e9flexion dans le cadre d\u2019une\u2026","rel":"","context":"Dans &quot;Actualit\u00e9s&quot;","block_context":{"text":"Actualit\u00e9s","link":"https:\/\/puycapel.fr\/index.php\/category\/actuellement\/"},"img":{"alt_text":"","src":"","width":0,"height":0},"classes":[]}],"_links":{"self":[{"href":"https:\/\/puycapel.fr\/index.php\/wp-json\/wp\/v2\/posts\/7651","targetHints":{"allow":["GET"]}}],"collection":[{"href":"https:\/\/puycapel.fr\/index.php\/wp-json\/wp\/v2\/posts"}],"about":[{"href":"https:\/\/puycapel.fr\/index.php\/wp-json\/wp\/v2\/types\/post"}],"author":[{"embeddable":true,"href":"https:\/\/puycapel.fr\/index.php\/wp-json\/wp\/v2\/users\/3"}],"replies":[{"embeddable":true,"href":"https:\/\/puycapel.fr\/index.php\/wp-json\/wp\/v2\/comments?post=7651"}],"version-history":[{"count":4,"href":"https:\/\/puycapel.fr\/index.php\/wp-json\/wp\/v2\/posts\/7651\/revisions"}],"predecessor-version":[{"id":7657,"href":"https:\/\/puycapel.fr\/index.php\/wp-json\/wp\/v2\/posts\/7651\/revisions\/7657"}],"wp:attachment":[{"href":"https:\/\/puycapel.fr\/index.php\/wp-json\/wp\/v2\/media?parent=7651"}],"wp:term":[{"taxonomy":"category","embeddable":true,"href":"https:\/\/puycapel.fr\/index.php\/wp-json\/wp\/v2\/categories?post=7651"},{"taxonomy":"post_tag","embeddable":true,"href":"https:\/\/puycapel.fr\/index.php\/wp-json\/wp\/v2\/tags?post=7651"}],"curies":[{"name":"wp","href":"https:\/\/api.w.org\/{rel}","templated":true}]}}