{"id":8092,"date":"2023-05-24T13:28:20","date_gmt":"2023-05-24T11:28:20","guid":{"rendered":"https:\/\/puycapel.fr\/?p=8092"},"modified":"2023-05-24T13:28:20","modified_gmt":"2023-05-24T11:28:20","slug":"animation-histoire-locale-rampon-et-quelques-autres-originaux-ou-originalites-a-calvinet","status":"publish","type":"post","link":"https:\/\/puycapel.fr\/index.php\/2023\/05\/24\/animation-histoire-locale-rampon-et-quelques-autres-originaux-ou-originalites-a-calvinet\/","title":{"rendered":"Animation: histoire locale -Rampon et quelques autres originaux ou originalit\u00e9s \u00e0 Calvinet"},"content":{"rendered":"\n<div data-wp-interactive=\"core\/file\" class=\"wp-block-file\"><object data-wp-bind--hidden=\"!state.hasPdfPreview\" hidden class=\"wp-block-file__embed\" data=\"https:\/\/puycapel.fr\/wp-content\/uploads\/2023\/05\/Affiche-Vivre-en-Chat.-histoire-locale-23.06.02-1-002.pdf\" type=\"application\/pdf\" style=\"width:100%;height:600px\" aria-label=\"Contenu embarqu\u00e9 Affiche-Vivre-en-Chat.-histoire-locale-23.06.02-1-002.\"><\/object><a id=\"wp-block-file--media-ebcb6a6f-205a-4c80-8d48-57665a79b68c\" href=\"https:\/\/puycapel.fr\/wp-content\/uploads\/2023\/05\/Affiche-Vivre-en-Chat.-histoire-locale-23.06.02-1-002.pdf\">Affiche-Vivre-en-Chat.-histoire-locale-23.06.02-1-002<\/a><a href=\"https:\/\/puycapel.fr\/wp-content\/uploads\/2023\/05\/Affiche-Vivre-en-Chat.-histoire-locale-23.06.02-1-002.pdf\" class=\"wp-block-file__button wp-element-button\" download aria-describedby=\"wp-block-file--media-ebcb6a6f-205a-4c80-8d48-57665a79b68c\">T\u00e9l\u00e9charger<\/a><\/div>\n","protected":false},"excerpt":{"rendered":"","protected":false},"author":2,"featured_media":0,"comment_status":"closed","ping_status":"closed","sticky":false,"template":"","format":"standard","meta":{"_exactmetrics_skip_tracking":false,"_exactmetrics_sitenote_active":false,"_exactmetrics_sitenote_note":"","_exactmetrics_sitenote_category":0,"jetpack_post_was_ever_published":false,"_jetpack_newsletter_access":"","_jetpack_dont_email_post_to_subs":false,"_jetpack_newsletter_tier_id":0,"_jetpack_memberships_contains_paywalled_content":false,"_jetpack_memberships_contains_paid_content":false,"footnotes":""},"categories":[28],"tags":[],"class_list":["post-8092","post","type-post","status-publish","format-standard","hentry","category-actuellement"],"jetpack_featured_media_url":"","jetpack_sharing_enabled":true,"jetpack_shortlink":"https:\/\/wp.me\/paADkW-26w","jetpack-related-posts":[{"id":9106,"url":"https:\/\/puycapel.fr\/index.php\/2024\/05\/06\/histoire-locale-vivre-en-chataigneraie\/","url_meta":{"origin":8092,"position":0},"title":"HISTOIRE LOCALE &#8211; Vivre en Ch\u00e2taigneraie","author":"Mairie Puycapel","date":"6 mai 2024","format":false,"excerpt":"Affiche-Vivre-en-Chat.-histoire-locale-25.05.2024T\u00e9l\u00e9charger","rel":"","context":"Dans &quot;Actualit\u00e9s&quot;","block_context":{"text":"Actualit\u00e9s","link":"https:\/\/puycapel.fr\/index.php\/category\/actuellement\/"},"img":{"alt_text":"","src":"","width":0,"height":0},"classes":[]},{"id":8240,"url":"https:\/\/puycapel.fr\/index.php\/2023\/07\/10\/serfouette-2\/","url_meta":{"origin":8092,"position":1},"title":"Serfouette : la f\u00eate autrement","author":"Antoine Puech","date":"10 juillet 2023","format":false,"excerpt":"F\u00eate AutrementMARCH\u00c9 BIO, ARTISANAL et LOCAL Samedi 29 JUILLET 2023Commune de Puycapel \u00c0 partir de 16h :Ouverture du march\u00e9 Ateliers poterie et cuisine Stands de producteurs et artisans locauxJeux en bois, d\u00e9monstrations sur stands\u2026 17h : \u00ab Histoires \u00e0 \u00e9couter, Histoires \u00e0 raconter \u00bb avec C\u00e9cile Demaison 18h : Balade\u2026","rel":"","context":"Dans &quot;Actualit\u00e9s&quot;","block_context":{"text":"Actualit\u00e9s","link":"https:\/\/puycapel.fr\/index.php\/category\/actuellement\/"},"img":{"alt_text":"","src":"https:\/\/i0.wp.com\/puycapel.fr\/wp-content\/uploads\/2023\/07\/image.png?resize=350%2C200&ssl=1","width":350,"height":200,"srcset":"https:\/\/i0.wp.com\/puycapel.fr\/wp-content\/uploads\/2023\/07\/image.png?resize=350%2C200&ssl=1 1x, https:\/\/i0.wp.com\/puycapel.fr\/wp-content\/uploads\/2023\/07\/image.png?resize=525%2C300&ssl=1 1.5x"},"classes":[]},{"id":7795,"url":"https:\/\/puycapel.fr\/index.php\/2023\/02\/28\/reunion-publique-sur-le-plan-local-durbanisme-intercommunal-du-pays-de-maurs\/","url_meta":{"origin":8092,"position":2},"title":"REUNION PUBLIQUE SUR LE PLAN LOCAL D&rsquo;URBANISME INTERCOMMUNAL DU PAYS DE MAURS","author":"Mairie Puycapel","date":"28 f\u00e9vrier 2023","format":false,"excerpt":"Reunion-publique_visuel_PLUI-MAURST\u00e9l\u00e9charger","rel":"","context":"Dans &quot;Actualit\u00e9s&quot;","block_context":{"text":"Actualit\u00e9s","link":"https:\/\/puycapel.fr\/index.php\/category\/actuellement\/"},"img":{"alt_text":"","src":"","width":0,"height":0},"classes":[]},{"id":2727,"url":"https:\/\/puycapel.fr\/index.php\/2020\/07\/20\/fete-autrement-marche-bio-artisanal-local-ce-samedi-25-juillet-2020\/","url_meta":{"origin":8092,"position":3},"title":"F\u00eate Autrement : MARCHE BIO, ARTISANAL &#038; LOCAL ce Samedi 25 JUILLET 2020","author":"Antoine Puech","date":"20 juillet 2020","format":false,"excerpt":"serfouette-march\u00e9-2020T\u00e9l\u00e9charger","rel":"","context":"Dans &quot;Actualit\u00e9s&quot;","block_context":{"text":"Actualit\u00e9s","link":"https:\/\/puycapel.fr\/index.php\/category\/actuellement\/"},"img":{"alt_text":"","src":"https:\/\/i0.wp.com\/puycapel.fr\/wp-content\/uploads\/2020\/07\/serfouette-march%C3%A9-2020.jpg?resize=350%2C200&ssl=1","width":350,"height":200,"srcset":"https:\/\/i0.wp.com\/puycapel.fr\/wp-content\/uploads\/2020\/07\/serfouette-march%C3%A9-2020.jpg?resize=350%2C200&ssl=1 1x, https:\/\/i0.wp.com\/puycapel.fr\/wp-content\/uploads\/2020\/07\/serfouette-march%C3%A9-2020.jpg?resize=525%2C300&ssl=1 1.5x"},"classes":[]},{"id":6623,"url":"https:\/\/puycapel.fr\/index.php\/2022\/04\/12\/journee-de-presentation-du-projet-marpa\/","url_meta":{"origin":8092,"position":4},"title":"Journ\u00e9e de pr\u00e9sentation du projet Marpa","author":"Antoine Puech","date":"12 avril 2022","format":false,"excerpt":"La commune de Puycapel r\u00e9fl\u00e9chit actuellement \u00e0 un projet de maison d\u2019accueil rural pour les personnes \u00e2g\u00e9es (MARPA) en collaboration avec la Mutualit\u00e9 sociale agricole (MSA), et la F\u00e9d\u00e9ration des\u00a0MARPA. Quelques photos des r\u00e9unions du lundi 11 Avril, anim\u00e9es par le responsable MARPA France La journ\u00e9e s'est d\u00e9coup\u00e9e en trois\u2026","rel":"","context":"Dans &quot;Actualit\u00e9s&quot;","block_context":{"text":"Actualit\u00e9s","link":"https:\/\/puycapel.fr\/index.php\/category\/actuellement\/"},"img":{"alt_text":"","src":"https:\/\/i0.wp.com\/puycapel.fr\/wp-content\/uploads\/2022\/04\/20220411_155541-rotated.jpg?resize=350%2C200","width":350,"height":200,"srcset":"https:\/\/i0.wp.com\/puycapel.fr\/wp-content\/uploads\/2022\/04\/20220411_155541-rotated.jpg?resize=350%2C200 1x, https:\/\/i0.wp.com\/puycapel.fr\/wp-content\/uploads\/2022\/04\/20220411_155541-rotated.jpg?resize=525%2C300 1.5x, https:\/\/i0.wp.com\/puycapel.fr\/wp-content\/uploads\/2022\/04\/20220411_155541-rotated.jpg?resize=700%2C400 2x"},"classes":[]},{"id":8474,"url":"https:\/\/puycapel.fr\/index.php\/2023\/10\/01\/serfouette-actualite-recyclerie-objets-en-attente-dune-seconde-vie\/","url_meta":{"origin":8092,"position":5},"title":"Serfouette : actualit\u00e9 recyclerie, objets en attente d&rsquo;une seconde vie","author":"Antoine Puech","date":"1 octobre 2023","format":false,"excerpt":"Serfouette poursuit son action \"z\u00e9ro d\u00e9chet\" en proposant des objets en attente d'une seconde vie. SI vous aussi, vous avez des objets op\u00e9rationnels dont vous voulez vous s\u00e9parer, pensez \u00e0 le donner localement plut\u00f4t que de le jeter. Informations au local Serfouette : 39 rue de la Chataigneraie, Calvinet, 15340\u2026","rel":"","context":"Dans &quot;Actualit\u00e9s&quot;","block_context":{"text":"Actualit\u00e9s","link":"https:\/\/puycapel.fr\/index.php\/category\/actuellement\/"},"img":{"alt_text":"","src":"https:\/\/i0.wp.com\/puycapel.fr\/wp-content\/uploads\/2023\/10\/image-18.png?resize=350%2C200&ssl=1","width":350,"height":200},"classes":[]}],"_links":{"self":[{"href":"https:\/\/puycapel.fr\/index.php\/wp-json\/wp\/v2\/posts\/8092","targetHints":{"allow":["GET"]}}],"collection":[{"href":"https:\/\/puycapel.fr\/index.php\/wp-json\/wp\/v2\/posts"}],"about":[{"href":"https:\/\/puycapel.fr\/index.php\/wp-json\/wp\/v2\/types\/post"}],"author":[{"embeddable":true,"href":"https:\/\/puycapel.fr\/index.php\/wp-json\/wp\/v2\/users\/2"}],"replies":[{"embeddable":true,"href":"https:\/\/puycapel.fr\/index.php\/wp-json\/wp\/v2\/comments?post=8092"}],"version-history":[{"count":1,"href":"https:\/\/puycapel.fr\/index.php\/wp-json\/wp\/v2\/posts\/8092\/revisions"}],"predecessor-version":[{"id":8094,"href":"https:\/\/puycapel.fr\/index.php\/wp-json\/wp\/v2\/posts\/8092\/revisions\/8094"}],"wp:attachment":[{"href":"https:\/\/puycapel.fr\/index.php\/wp-json\/wp\/v2\/media?parent=8092"}],"wp:term":[{"taxonomy":"category","embeddable":true,"href":"https:\/\/puycapel.fr\/index.php\/wp-json\/wp\/v2\/categories?post=8092"},{"taxonomy":"post_tag","embeddable":true,"href":"https:\/\/puycapel.fr\/index.php\/wp-json\/wp\/v2\/tags?post=8092"}],"curies":[{"name":"wp","href":"https:\/\/api.w.org\/{rel}","templated":true}]}}