{"id":927,"date":"2019-05-05T21:45:41","date_gmt":"2019-05-05T19:45:41","guid":{"rendered":"https:\/\/puycapel.fr\/?p=927"},"modified":"2019-05-08T21:46:42","modified_gmt":"2019-05-08T19:46:42","slug":"commemoration-du-8-mai-1945","status":"publish","type":"post","link":"https:\/\/puycapel.fr\/index.php\/2019\/05\/05\/commemoration-du-8-mai-1945\/","title":{"rendered":"COMMEMORATION DU 8 MAI 1945"},"content":{"rendered":"\n<div class=\"wp-block-image\"><figure class=\"aligncenter\"><img data-recalc-dims=\"1\" loading=\"lazy\" decoding=\"async\" width=\"493\" height=\"611\" data-attachment-id=\"926\" data-permalink=\"https:\/\/puycapel.fr\/8mai\/\" data-orig-file=\"https:\/\/i0.wp.com\/puycapel.fr\/wp-content\/uploads\/2019\/05\/8MAI.jpg?fit=493%2C611&amp;ssl=1\" data-orig-size=\"493,611\" data-comments-opened=\"0\" data-image-meta=\"{&quot;aperture&quot;:&quot;0&quot;,&quot;credit&quot;:&quot;antoine puech&quot;,&quot;camera&quot;:&quot;&quot;,&quot;caption&quot;:&quot;&quot;,&quot;created_timestamp&quot;:&quot;1557092268&quot;,&quot;copyright&quot;:&quot;&quot;,&quot;focal_length&quot;:&quot;0&quot;,&quot;iso&quot;:&quot;0&quot;,&quot;shutter_speed&quot;:&quot;0&quot;,&quot;title&quot;:&quot;&quot;,&quot;orientation&quot;:&quot;0&quot;}\" data-image-title=\"8MAI\" data-image-description=\"\" data-image-caption=\"\" data-large-file=\"https:\/\/i0.wp.com\/puycapel.fr\/wp-content\/uploads\/2019\/05\/8MAI.jpg?fit=493%2C611&amp;ssl=1\" src=\"https:\/\/i0.wp.com\/puycapel.fr\/wp-content\/uploads\/2019\/05\/8MAI.jpg?resize=493%2C611&#038;ssl=1\" alt=\"\" class=\"wp-image-926\" srcset=\"https:\/\/i0.wp.com\/puycapel.fr\/wp-content\/uploads\/2019\/05\/8MAI.jpg?w=493&amp;ssl=1 493w, https:\/\/i0.wp.com\/puycapel.fr\/wp-content\/uploads\/2019\/05\/8MAI.jpg?resize=242%2C300&amp;ssl=1 242w\" sizes=\"auto, (max-width: 493px) 100vw, 493px\" \/><\/figure><\/div>\n\n\n\n<p style=\"text-align:center\"><strong>PUYCAPEL<\/strong><\/p>\n\n\n\n<p style=\"text-align:center\"><strong>COMMEMORATION DU 8 MAI 1945<\/strong><\/p>\n\n\n\n<p style=\"text-align:center\"><strong>mercredi 8 mai<\/strong> <strong>2019<\/strong><\/p>\n\n\n\n<p style=\"text-align:center\"><strong>\u00e0 11h00<\/strong> au Monument aux Morts de <strong>CALVINET<\/strong><\/p>\n\n\n\n<p style=\"text-align:center\"><em>A l&rsquo;issue de la c\u00e9r\u00e9monie, les participants sont\nconvi\u00e9s \u00e0 un vin d&rsquo;honneur \u00e0 la salle des f\u00eates<\/em><\/p>\n\n\n\n<p style=\"text-align:center\"><em>Acc\u00e8s au lieu de la c\u00e9r\u00e9monie&nbsp;en voiture&nbsp;: en raison d\u2019une course cycliste, l\u2019acc\u00e8s en voiture se fait obligatoirement par la d\u00e9partementale 19 dans le sens Aurillac \u2013 Maurs.<\/em><\/p>\n","protected":false},"excerpt":{"rendered":"<p>COMMEMORATION DU 8 MAI 1945<br \/>\nmercredi 8 mai 2019<br \/>\n\u00e0 11h00 au Monument aux Morts de CALVINET<\/p>\n","protected":false},"author":3,"featured_media":0,"comment_status":"closed","ping_status":"closed","sticky":false,"template":"","format":"standard","meta":{"_exactmetrics_skip_tracking":false,"_exactmetrics_sitenote_active":false,"_exactmetrics_sitenote_note":"","_exactmetrics_sitenote_category":0,"jetpack_post_was_ever_published":false,"_jetpack_newsletter_access":"","_jetpack_dont_email_post_to_subs":false,"_jetpack_newsletter_tier_id":0,"_jetpack_memberships_contains_paywalled_content":false,"_jetpack_memberships_contains_paid_content":false,"footnotes":""},"categories":[4],"tags":[],"class_list":["post-927","post","type-post","status-publish","format-standard","hentry","category-commune"],"jetpack_featured_media_url":"","jetpack_sharing_enabled":true,"jetpack_shortlink":"https:\/\/wp.me\/paADkW-eX","jetpack-related-posts":[{"id":10039,"url":"https:\/\/puycapel.fr\/index.php\/2025\/05\/03\/commemoration-de-la-victoire-du-8-mai-1945-2\/","url_meta":{"origin":927,"position":0},"title":"Comm\u00e9moration de la Victoire du 8 mai 1945","author":"Antoine Puech","date":"3 mai 2025","format":false,"excerpt":"Le jeudi 8 mai 2025\u00a0: \u00e0 10h30 au Monument aux Morts deMOURJOU, \u00e0 11h15 au Monument aux Morts deCALVINET. A l'issue des c\u00e9r\u00e9monies, les participants sont convi\u00e9s \u00e0 un vin d'honneur \u00e0 la salle des f\u00eates de Calvinet","rel":"","context":"Dans &quot;Actualit\u00e9s&quot;","block_context":{"text":"Actualit\u00e9s","link":"https:\/\/puycapel.fr\/index.php\/category\/actuellement\/"},"img":{"alt_text":"","src":"https:\/\/i0.wp.com\/puycapel.fr\/wp-content\/uploads\/2025\/05\/image.png?resize=350%2C200&ssl=1","width":350,"height":200,"srcset":"https:\/\/i0.wp.com\/puycapel.fr\/wp-content\/uploads\/2025\/05\/image.png?resize=350%2C200&ssl=1 1x, https:\/\/i0.wp.com\/puycapel.fr\/wp-content\/uploads\/2025\/05\/image.png?resize=525%2C300&ssl=1 1.5x"},"classes":[]},{"id":2469,"url":"https:\/\/puycapel.fr\/index.php\/2020\/05\/08\/covid-19-commemoration-du-8-mai-1945\/","url_meta":{"origin":927,"position":1},"title":"COVID 19 &#8211; COMMEMORATION DU 8 MAI 1945","author":"Antoine Puech","date":"8 mai 2020","format":false,"excerpt":"En raison de la crise sanitaire, les c\u00e9r\u00e9monies de comm\u00e9moration du 75\u00e8me anniversaire de la Victoire du 8 mai 1945 ont \u00e9t\u00e9 annul\u00e9es.Conform\u00e9ment \u00e0 la suggestion de madame\u00a0 la Ministre de la D\u00e9fense, un d\u00e9p\u00f4t de gerbes devant chacun des Monuments aux Morts de la commune a \u00e9t\u00e9 effectu\u00e9 ce\u2026","rel":"","context":"Dans &quot;Actualit\u00e9s&quot;","block_context":{"text":"Actualit\u00e9s","link":"https:\/\/puycapel.fr\/index.php\/category\/actuellement\/"},"img":{"alt_text":"","src":"https:\/\/i0.wp.com\/puycapel.fr\/wp-content\/uploads\/2020\/05\/IMG_0542.jpg?resize=350%2C200&ssl=1","width":350,"height":200,"srcset":"https:\/\/i0.wp.com\/puycapel.fr\/wp-content\/uploads\/2020\/05\/IMG_0542.jpg?resize=350%2C200&ssl=1 1x, https:\/\/i0.wp.com\/puycapel.fr\/wp-content\/uploads\/2020\/05\/IMG_0542.jpg?resize=525%2C300&ssl=1 1.5x"},"classes":[]},{"id":982,"url":"https:\/\/puycapel.fr\/index.php\/2019\/05\/12\/photos-des-ceremonies-de-commemoration-du-8-mai-1945\/","url_meta":{"origin":927,"position":2},"title":"photos des c\u00e9r\u00e9monies de comm\u00e9moration du 8 mai 1945","author":"Antoine Puech","date":"12 mai 2019","format":false,"excerpt":"MourjouCalvinetCalvinet","rel":"","context":"Dans &quot;Commune&quot;","block_context":{"text":"Commune","link":"https:\/\/puycapel.fr\/index.php\/category\/commune\/"},"img":{"alt_text":"","src":"https:\/\/i0.wp.com\/puycapel.fr\/wp-content\/uploads\/2019\/05\/mourjou.jpg?resize=350%2C200","width":350,"height":200,"srcset":"https:\/\/i0.wp.com\/puycapel.fr\/wp-content\/uploads\/2019\/05\/mourjou.jpg?resize=350%2C200 1x, https:\/\/i0.wp.com\/puycapel.fr\/wp-content\/uploads\/2019\/05\/mourjou.jpg?resize=525%2C300 1.5x, https:\/\/i0.wp.com\/puycapel.fr\/wp-content\/uploads\/2019\/05\/mourjou.jpg?resize=700%2C400 2x, https:\/\/i0.wp.com\/puycapel.fr\/wp-content\/uploads\/2019\/05\/mourjou.jpg?resize=1050%2C600 3x, https:\/\/i0.wp.com\/puycapel.fr\/wp-content\/uploads\/2019\/05\/mourjou.jpg?resize=1400%2C800 4x"},"classes":[]},{"id":6689,"url":"https:\/\/puycapel.fr\/index.php\/2022\/05\/04\/commemoration-8-mai-1945\/","url_meta":{"origin":927,"position":3},"title":"Comm\u00e9moration 8 mai 1945","author":"Mairie Puycapel","date":"4 mai 2022","format":false,"excerpt":"Affiche-8-mai-2022T\u00e9l\u00e9charger","rel":"","context":"Dans &quot;Actualit\u00e9s&quot;","block_context":{"text":"Actualit\u00e9s","link":"https:\/\/puycapel.fr\/index.php\/category\/actuellement\/"},"img":{"alt_text":"","src":"","width":0,"height":0},"classes":[]},{"id":6751,"url":"https:\/\/puycapel.fr\/index.php\/2022\/05\/17\/commemoration-de-la-victoire-du-8-mai-1945\/","url_meta":{"origin":927,"position":4},"title":"COMMEMORATION DE LA VICTOIRE DU 8 MAI 1945","author":"Antoine Puech","date":"17 mai 2022","format":false,"excerpt":"","rel":"","context":"Dans &quot;Actualit\u00e9s&quot;","block_context":{"text":"Actualit\u00e9s","link":"https:\/\/puycapel.fr\/index.php\/category\/actuellement\/"},"img":{"alt_text":"","src":"https:\/\/i0.wp.com\/puycapel.fr\/wp-content\/uploads\/2022\/05\/MOURJOU-8-mai-2022-rotated.jpg?resize=350%2C200","width":350,"height":200,"srcset":"https:\/\/i0.wp.com\/puycapel.fr\/wp-content\/uploads\/2022\/05\/MOURJOU-8-mai-2022-rotated.jpg?resize=350%2C200 1x, https:\/\/i0.wp.com\/puycapel.fr\/wp-content\/uploads\/2022\/05\/MOURJOU-8-mai-2022-rotated.jpg?resize=525%2C300 1.5x, https:\/\/i0.wp.com\/puycapel.fr\/wp-content\/uploads\/2022\/05\/MOURJOU-8-mai-2022-rotated.jpg?resize=700%2C400 2x"},"classes":[]},{"id":8051,"url":"https:\/\/puycapel.fr\/index.php\/2023\/05\/10\/photo-et-messages-des-ceremonies-de-commemoration-du-8-mai-1945-a-puycapel\/","url_meta":{"origin":927,"position":5},"title":"Photos et messages des c\u00e9r\u00e9monies de comm\u00e9moration du 8 mai 1945 \u00e0 Puycapel","author":"Antoine Puech","date":"10 mai 2023","format":false,"excerpt":"MESSAGE-DE-S.-LECORNU-ministre-des-Armees-08-05-2023T\u00e9l\u00e9charger MESSAGE-DE-LUFAC-08-05-2023T\u00e9l\u00e9charger","rel":"","context":"Dans &quot;Actualit\u00e9s&quot;","block_context":{"text":"Actualit\u00e9s","link":"https:\/\/puycapel.fr\/index.php\/category\/actuellement\/"},"img":{"alt_text":"","src":"https:\/\/i0.wp.com\/puycapel.fr\/wp-content\/uploads\/2023\/05\/MOURJOU-8-MAI-2023-2-rotated.jpg?resize=350%2C200&ssl=1","width":350,"height":200,"srcset":"https:\/\/i0.wp.com\/puycapel.fr\/wp-content\/uploads\/2023\/05\/MOURJOU-8-MAI-2023-2-rotated.jpg?resize=350%2C200&ssl=1 1x, https:\/\/i0.wp.com\/puycapel.fr\/wp-content\/uploads\/2023\/05\/MOURJOU-8-MAI-2023-2-rotated.jpg?resize=525%2C300&ssl=1 1.5x, https:\/\/i0.wp.com\/puycapel.fr\/wp-content\/uploads\/2023\/05\/MOURJOU-8-MAI-2023-2-rotated.jpg?resize=700%2C400&ssl=1 2x"},"classes":[]}],"_links":{"self":[{"href":"https:\/\/puycapel.fr\/index.php\/wp-json\/wp\/v2\/posts\/927","targetHints":{"allow":["GET"]}}],"collection":[{"href":"https:\/\/puycapel.fr\/index.php\/wp-json\/wp\/v2\/posts"}],"about":[{"href":"https:\/\/puycapel.fr\/index.php\/wp-json\/wp\/v2\/types\/post"}],"author":[{"embeddable":true,"href":"https:\/\/puycapel.fr\/index.php\/wp-json\/wp\/v2\/users\/3"}],"replies":[{"embeddable":true,"href":"https:\/\/puycapel.fr\/index.php\/wp-json\/wp\/v2\/comments?post=927"}],"version-history":[{"count":7,"href":"https:\/\/puycapel.fr\/index.php\/wp-json\/wp\/v2\/posts\/927\/revisions"}],"predecessor-version":[{"id":934,"href":"https:\/\/puycapel.fr\/index.php\/wp-json\/wp\/v2\/posts\/927\/revisions\/934"}],"wp:attachment":[{"href":"https:\/\/puycapel.fr\/index.php\/wp-json\/wp\/v2\/media?parent=927"}],"wp:term":[{"taxonomy":"category","embeddable":true,"href":"https:\/\/puycapel.fr\/index.php\/wp-json\/wp\/v2\/categories?post=927"},{"taxonomy":"post_tag","embeddable":true,"href":"https:\/\/puycapel.fr\/index.php\/wp-json\/wp\/v2\/tags?post=927"}],"curies":[{"name":"wp","href":"https:\/\/api.w.org\/{rel}","templated":true}]}}