{"id":9920,"date":"2025-04-01T23:22:40","date_gmt":"2025-04-01T21:22:40","guid":{"rendered":"https:\/\/puycapel.fr\/?p=9920"},"modified":"2025-04-01T23:44:18","modified_gmt":"2025-04-01T21:44:18","slug":"nos-agriculteurs-nous-protegent","status":"publish","type":"post","link":"https:\/\/puycapel.fr\/index.php\/2025\/04\/01\/nos-agriculteurs-nous-protegent\/","title":{"rendered":"NOS AGRICULTEURS NOUS PROTEGENT\u00a0!"},"content":{"rendered":"\n<p class=\"has-text-align-left\">Il est rare que nous \u00e9voquions la situation internationale, mais nous sommes entr\u00e9s dans le temps de la fureur et du tumulte.<\/p>\n\n\n\n<p class=\"has-text-align-left\">Le Cantal ne sera pas \u00e9pargn\u00e9.<br>La D\u00e9l\u00e9gation militaire territoriale a donc d\u00e9cid\u00e9 de mettre \u00e0 contribution nos agriculteurs, les mieux  arm\u00e9s selon elle, pour d\u00e9fendre le territoire.<\/p>\n\n\n\n<p class=\"has-text-align-left\">Tous les v\u00e9hicules agricoles seront \u00e9quip\u00e9s comme sur la photo jointe, selon le principe de r\u00e9versibilit\u00e9\u00a0:<br>-le chargeur sera remplac\u00e9 facilement par un canon de 12<br>-la benne multiservices par une tourelle<br>-la fourche \u00e0 palette par une mitrailleuse Browning M2HB.<\/p>\n\n\n\n<figure class=\"wp-block-image size-full\"><img data-recalc-dims=\"1\" loading=\"lazy\" decoding=\"async\" width=\"776\" height=\"311\" data-attachment-id=\"9921\" data-permalink=\"https:\/\/puycapel.fr\/index.php\/2025\/04\/01\/nos-agriculteurs-nous-protegent\/image-40\/\" data-orig-file=\"https:\/\/i0.wp.com\/puycapel.fr\/wp-content\/uploads\/2025\/04\/image.png?fit=776%2C311&amp;ssl=1\" data-orig-size=\"776,311\" data-comments-opened=\"0\" data-image-meta=\"{&quot;aperture&quot;:&quot;0&quot;,&quot;credit&quot;:&quot;&quot;,&quot;camera&quot;:&quot;&quot;,&quot;caption&quot;:&quot;&quot;,&quot;created_timestamp&quot;:&quot;0&quot;,&quot;copyright&quot;:&quot;&quot;,&quot;focal_length&quot;:&quot;0&quot;,&quot;iso&quot;:&quot;0&quot;,&quot;shutter_speed&quot;:&quot;0&quot;,&quot;title&quot;:&quot;&quot;,&quot;orientation&quot;:&quot;0&quot;}\" data-image-title=\"image\" data-image-description=\"\" data-image-caption=\"\" data-large-file=\"https:\/\/i0.wp.com\/puycapel.fr\/wp-content\/uploads\/2025\/04\/image.png?fit=776%2C311&amp;ssl=1\" src=\"https:\/\/i0.wp.com\/puycapel.fr\/wp-content\/uploads\/2025\/04\/image.png?resize=776%2C311&#038;ssl=1\" alt=\"\" class=\"wp-image-9921\" srcset=\"https:\/\/i0.wp.com\/puycapel.fr\/wp-content\/uploads\/2025\/04\/image.png?w=776&amp;ssl=1 776w, https:\/\/i0.wp.com\/puycapel.fr\/wp-content\/uploads\/2025\/04\/image.png?resize=300%2C120&amp;ssl=1 300w, https:\/\/i0.wp.com\/puycapel.fr\/wp-content\/uploads\/2025\/04\/image.png?resize=768%2C308&amp;ssl=1 768w\" sizes=\"auto, (max-width: 776px) 100vw, 776px\" \/><\/figure>\n\n\n\n<figure class=\"wp-block-image size-full is-resized\"><img data-recalc-dims=\"1\" loading=\"lazy\" decoding=\"async\" width=\"964\" height=\"299\" data-attachment-id=\"9931\" data-permalink=\"https:\/\/puycapel.fr\/index.php\/2025\/04\/01\/nos-agriculteurs-nous-protegent\/poisson\/\" data-orig-file=\"https:\/\/i0.wp.com\/puycapel.fr\/wp-content\/uploads\/2025\/04\/poisson.png?fit=964%2C299&amp;ssl=1\" data-orig-size=\"964,299\" data-comments-opened=\"0\" data-image-meta=\"{&quot;aperture&quot;:&quot;0&quot;,&quot;credit&quot;:&quot;&quot;,&quot;camera&quot;:&quot;&quot;,&quot;caption&quot;:&quot;&quot;,&quot;created_timestamp&quot;:&quot;0&quot;,&quot;copyright&quot;:&quot;&quot;,&quot;focal_length&quot;:&quot;0&quot;,&quot;iso&quot;:&quot;0&quot;,&quot;shutter_speed&quot;:&quot;0&quot;,&quot;title&quot;:&quot;&quot;,&quot;orientation&quot;:&quot;0&quot;}\" data-image-title=\"poisson\" data-image-description=\"\" data-image-caption=\"\" data-large-file=\"https:\/\/i0.wp.com\/puycapel.fr\/wp-content\/uploads\/2025\/04\/poisson.png?fit=964%2C299&amp;ssl=1\" src=\"https:\/\/i0.wp.com\/puycapel.fr\/wp-content\/uploads\/2025\/04\/poisson.png?resize=964%2C299&#038;ssl=1\" alt=\"\" class=\"wp-image-9931\" style=\"width:775px;height:auto\" srcset=\"https:\/\/i0.wp.com\/puycapel.fr\/wp-content\/uploads\/2025\/04\/poisson.png?w=964&amp;ssl=1 964w, https:\/\/i0.wp.com\/puycapel.fr\/wp-content\/uploads\/2025\/04\/poisson.png?resize=300%2C93&amp;ssl=1 300w, https:\/\/i0.wp.com\/puycapel.fr\/wp-content\/uploads\/2025\/04\/poisson.png?resize=768%2C238&amp;ssl=1 768w\" sizes=\"auto, (max-width: 964px) 100vw, 964px\" \/><\/figure>\n\n\n\n<p>Une formation sp\u00e9cifique aura lieu rue du 139 \u00e8me RI \u00e0 Aurillac au mois de mai, sous le haut patronage du ministre des Arm\u00e9es et de la ministre de l\u2019Agriculture et de la souverainet\u00e9 alimentaire.<\/p>\n\n\n\n<p>PUYCAPEL accueillera le 14 juillet, en pr\u00e9lude au grand pique-nique annuel, un d\u00e9fil\u00e9 des v\u00e9hicules, qui sera suivie d\u2019une grande tombola. De nombreux lots (treillis, casques, armes de poing de cat\u00e9gorie B, dictionnaires franco-russe etc.) sont \u00e0 gagner.<br>Les carnets de tickets sont en vente tous les vendredis \u00e0 partir de 9h00 \u00e0 la mairie de Mourjou, et \u00e0 partir de 14h00 \u00e0 la mairie de Calvinet.<\/p>\n\n\n\n<p>Nous comptons sur votre sens civique.<\/p>\n","protected":false},"excerpt":{"rendered":"<p>Il est rare que nous \u00e9voquions la situation internationale, mais nous sommes entr\u00e9s dans le temps de la fureur et du tumulte. Le Cantal ne sera pas \u00e9pargn\u00e9.La D\u00e9l\u00e9gation militaire territoriale a donc d\u00e9cid\u00e9 de mettre \u00e0 contribution nos agriculteurs, les mieux arm\u00e9s selon elle, pour d\u00e9fendre le territoire. Tous les v\u00e9hicules agricoles seront \u00e9quip\u00e9s [&hellip;]<\/p>\n","protected":false},"author":3,"featured_media":0,"comment_status":"closed","ping_status":"closed","sticky":false,"template":"","format":"standard","meta":{"_exactmetrics_skip_tracking":false,"_exactmetrics_sitenote_active":false,"_exactmetrics_sitenote_note":"","_exactmetrics_sitenote_category":0,"jetpack_post_was_ever_published":false,"_jetpack_newsletter_access":"","_jetpack_dont_email_post_to_subs":false,"_jetpack_newsletter_tier_id":0,"_jetpack_memberships_contains_paywalled_content":false,"_jetpack_memberships_contains_paid_content":false,"footnotes":""},"categories":[28],"tags":[],"class_list":["post-9920","post","type-post","status-publish","format-standard","hentry","category-actuellement"],"jetpack_featured_media_url":"","jetpack_sharing_enabled":true,"jetpack_shortlink":"https:\/\/wp.me\/paADkW-2A0","jetpack-related-posts":[{"id":9935,"url":"https:\/\/puycapel.fr\/index.php\/2025\/04\/02\/service-emploi-cantal-pour-les-agriculteurs\/","url_meta":{"origin":9920,"position":0},"title":"Service emploi Cantal, pour les agriculteurs","author":"Mairie Puycapel","date":"2 avril 2025","format":false,"excerpt":"","rel":"","context":"Dans &quot;Actualit\u00e9s&quot;","block_context":{"text":"Actualit\u00e9s","link":"https:\/\/puycapel.fr\/index.php\/category\/actuellement\/"},"img":{"alt_text":"","src":"https:\/\/i0.wp.com\/puycapel.fr\/wp-content\/uploads\/2025\/04\/03-DEPLIANT-SE15-2.png?resize=350%2C200&ssl=1","width":350,"height":200,"srcset":"https:\/\/i0.wp.com\/puycapel.fr\/wp-content\/uploads\/2025\/04\/03-DEPLIANT-SE15-2.png?resize=350%2C200&ssl=1 1x, https:\/\/i0.wp.com\/puycapel.fr\/wp-content\/uploads\/2025\/04\/03-DEPLIANT-SE15-2.png?resize=525%2C300&ssl=1 1.5x, https:\/\/i0.wp.com\/puycapel.fr\/wp-content\/uploads\/2025\/04\/03-DEPLIANT-SE15-2.png?resize=700%2C400&ssl=1 2x, https:\/\/i0.wp.com\/puycapel.fr\/wp-content\/uploads\/2025\/04\/03-DEPLIANT-SE15-2.png?resize=1050%2C600&ssl=1 3x, https:\/\/i0.wp.com\/puycapel.fr\/wp-content\/uploads\/2025\/04\/03-DEPLIANT-SE15-2.png?resize=1400%2C800&ssl=1 4x"},"classes":[]},{"id":2341,"url":"https:\/\/puycapel.fr\/index.php\/2020\/04\/03\/covid-19-commercants-artisans-chefs-dentreprises-agriculteur-independants-dispositif-daides-mise-en-place-par-la-region\/","url_meta":{"origin":9920,"position":1},"title":"COVID-19: Commer\u00e7ants, artisans,  chefs d&rsquo;entreprises, agriculteurs, ind\u00e9pendants: dispositif d&rsquo;aides mis en place par la R\u00e9gion.","author":"Mairie Puycapel","date":"3 avril 2020","format":false,"excerpt":"","rel":"","context":"Dans &quot;Actualit\u00e9s&quot;","block_context":{"text":"Actualit\u00e9s","link":"https:\/\/puycapel.fr\/index.php\/category\/actuellement\/"},"img":{"alt_text":"","src":"https:\/\/i0.wp.com\/puycapel.fr\/wp-content\/uploads\/2020\/04\/DISPOSITIF-AIDE-COVID-19-REGION.jpg?resize=350%2C200&ssl=1","width":350,"height":200,"srcset":"https:\/\/i0.wp.com\/puycapel.fr\/wp-content\/uploads\/2020\/04\/DISPOSITIF-AIDE-COVID-19-REGION.jpg?resize=350%2C200&ssl=1 1x, https:\/\/i0.wp.com\/puycapel.fr\/wp-content\/uploads\/2020\/04\/DISPOSITIF-AIDE-COVID-19-REGION.jpg?resize=525%2C300&ssl=1 1.5x, https:\/\/i0.wp.com\/puycapel.fr\/wp-content\/uploads\/2020\/04\/DISPOSITIF-AIDE-COVID-19-REGION.jpg?resize=700%2C400&ssl=1 2x"},"classes":[]},{"id":364,"url":"https:\/\/puycapel.fr\/index.php\/2019\/01\/31\/projection-documentaire-terre-a-terre\/","url_meta":{"origin":9920,"position":2},"title":"Projection documentaire \u00ab\u00a0Terre \u00e0 terre\u00a0\u00bb","author":"Antoine Puech","date":"31 janvier 2019","format":false,"excerpt":"projection-d\u00e9bat du 9 F\u00e9vrier \u00e0 15h \u00e0 la salle des f\u00eates de Calvinet","rel":"","context":"Dans &quot;Associations&quot;","block_context":{"text":"Associations","link":"https:\/\/puycapel.fr\/index.php\/category\/associations\/"},"img":{"alt_text":"","src":"https:\/\/i0.wp.com\/puycapel.fr\/wp-content\/uploads\/2019\/01\/Affiche-Deterremin%C3%A9s1.jpg?fit=679%2C960&ssl=1&resize=350%2C200","width":350,"height":200,"srcset":"https:\/\/i0.wp.com\/puycapel.fr\/wp-content\/uploads\/2019\/01\/Affiche-Deterremin%C3%A9s1.jpg?fit=679%2C960&ssl=1&resize=350%2C200 1x, https:\/\/i0.wp.com\/puycapel.fr\/wp-content\/uploads\/2019\/01\/Affiche-Deterremin%C3%A9s1.jpg?fit=679%2C960&ssl=1&resize=525%2C300 1.5x"},"classes":[]},{"id":9329,"url":"https:\/\/puycapel.fr\/index.php\/2024\/07\/22\/collecte-de-pneus\/","url_meta":{"origin":9920,"position":3},"title":"Collecte de pneus","author":"Mairie Puycapel","date":"22 juillet 2024","format":false,"excerpt":"PAR LA FDSEA DU CANTAL Ces derniers mois, de nombreux agriculteurs ont contact\u00e9 la FDSEA du Cantal pour la gestion de leurs pneus usag\u00e9s (principalement utilis\u00e9s sur les silos d\u2019ensilage de ma\u00efs...). Pour r\u00e9pondre \u00e0 cet appel, la FDSEA du Cantal \u00e9tudie la possibilit\u00e9 de proposer une collecte de pneus\u2026","rel":"","context":"Dans &quot;Actualit\u00e9s&quot;","block_context":{"text":"Actualit\u00e9s","link":"https:\/\/puycapel.fr\/index.php\/category\/actuellement\/"},"img":{"alt_text":"","src":"","width":0,"height":0},"classes":[]},{"id":9017,"url":"https:\/\/puycapel.fr\/index.php\/2024\/03\/28\/agir-pour-la-qualite-de-lair\/","url_meta":{"origin":9920,"position":4},"title":"Agir pour la qualit\u00e9 de l&rsquo;air","author":"Mairie Puycapel","date":"28 mars 2024","format":false,"excerpt":"Comprendre les enjeux et les effets de la qualit\u00e9 de l\u2019air est essentiel afin d\u2019agir pour la pr\u00e9server au quotidien. En tant que\u00a0citoyen, la brochure \u00ab\u00a0Mieux respirer, c\u2019est \u00e7a l\u2019id\u00e9e\u00a0! en Auvergne-Rh\u00f4ne-Alpes\u00a0\u00bb vous permettra de trouver la r\u00e9ponse \u00e0 des questions tr\u00e8s pratiques sur la pollution de l\u2019air (qu\u2019est-ce ?\u2026","rel":"","context":"Dans &quot;Actualit\u00e9s&quot;","block_context":{"text":"Actualit\u00e9s","link":"https:\/\/puycapel.fr\/index.php\/category\/actuellement\/"},"img":{"alt_text":"","src":"","width":0,"height":0},"classes":[]},{"id":8360,"url":"https:\/\/puycapel.fr\/index.php\/2023\/08\/11\/vigilance-tiques\/","url_meta":{"origin":9920,"position":5},"title":"Vigilance, tiques!","author":"Mairie Puycapel","date":"11 ao\u00fbt 2023","format":false,"excerpt":"L'ARS lance une campagne pr\u00e9vention contre les morsures de tiques Une r\u00e9cente \u00e9tude de Sant\u00e9 publique France a mis en \u00e9vidence de nombreux cas d\u2019enc\u00e9phalites \u00e0 tique en Auvergne-Rh\u00f4ne-Alpes\u00a0: 27\u00a0des 71 cas recens\u00e9s en France entre mai 2021 et mai 2023. Une maladie (trop) pr\u00e9sente en Auvergne-Rh\u00f4ne-Alpes L\u2019enc\u00e9phalite \u00e0 tique\u2026","rel":"","context":"Dans &quot;Actualit\u00e9s&quot;","block_context":{"text":"Actualit\u00e9s","link":"https:\/\/puycapel.fr\/index.php\/category\/actuellement\/"},"img":{"alt_text":"","src":"","width":0,"height":0},"classes":[]}],"_links":{"self":[{"href":"https:\/\/puycapel.fr\/index.php\/wp-json\/wp\/v2\/posts\/9920","targetHints":{"allow":["GET"]}}],"collection":[{"href":"https:\/\/puycapel.fr\/index.php\/wp-json\/wp\/v2\/posts"}],"about":[{"href":"https:\/\/puycapel.fr\/index.php\/wp-json\/wp\/v2\/types\/post"}],"author":[{"embeddable":true,"href":"https:\/\/puycapel.fr\/index.php\/wp-json\/wp\/v2\/users\/3"}],"replies":[{"embeddable":true,"href":"https:\/\/puycapel.fr\/index.php\/wp-json\/wp\/v2\/comments?post=9920"}],"version-history":[{"count":5,"href":"https:\/\/puycapel.fr\/index.php\/wp-json\/wp\/v2\/posts\/9920\/revisions"}],"predecessor-version":[{"id":9934,"href":"https:\/\/puycapel.fr\/index.php\/wp-json\/wp\/v2\/posts\/9920\/revisions\/9934"}],"wp:attachment":[{"href":"https:\/\/puycapel.fr\/index.php\/wp-json\/wp\/v2\/media?parent=9920"}],"wp:term":[{"taxonomy":"category","embeddable":true,"href":"https:\/\/puycapel.fr\/index.php\/wp-json\/wp\/v2\/categories?post=9920"},{"taxonomy":"post_tag","embeddable":true,"href":"https:\/\/puycapel.fr\/index.php\/wp-json\/wp\/v2\/tags?post=9920"}],"curies":[{"name":"wp","href":"https:\/\/api.w.org\/{rel}","templated":true}]}}